{"id":969,"date":"2009-06-12T13:41:18","date_gmt":"2009-06-12T11:41:18","guid":{"rendered":"http:\/\/www.bagn.no\/?p=969"},"modified":"2009-06-12T13:41:18","modified_gmt":"2009-06-12T11:41:18","slug":"e16-holdes-apen-i-fem-uker","status":"publish","type":"post","link":"https:\/\/bagn.no\/?p=969","title":{"rendered":"E16 holdes \u00e5pen i fem uker"},"content":{"rendered":"<p>N\u00e6ringslivet i S\u00f8r-Aurdal har vist\u00a0 misn\u00f8ye med b\u00e5de skilting og arbeidstidene i forbindelse med rasarbeidet p\u00e5 E16. Torsdag kveld var det et m\u00f8te i Bagn\u00a0mellom n\u00e6ringsdrivende i Valdres og States Vegvesen. Blant annet skal skiltingen n\u00e5 bli bedre, og E16 skal holdes \u00e5pen i fem uker i sommer, i stedenfor de tre som var planlagt.<\/p>\n<p>Du kan lese mer om saken p\u00e5 Avisa-Valdres: <a href=\"http:\/\/www.avisa-valdres.no\/artikkel.asp?Artid=289245\">http:\/\/www.avisa-valdres.no\/artikkel.asp?Artid=289245<\/a><\/p>\n","protected":false},"excerpt":{"rendered":"<p>N\u00e6ringslivet i S\u00f8r-Aurdal har vist\u00a0 misn\u00f8ye med b\u00e5de skilting og arbeidstidene i forbindelse med rasarbeidet p\u00e5 E16. Torsdag kveld var det et m\u00f8te i Bagn\u00a0mellom n\u00e6ringsdrivende i Valdres og States Vegvesen. Blant annet skal skiltingen n\u00e5 bli bedre, og E16 skal holdes \u00e5pen i fem uker i sommer, i stedenfor de tre som var planlagt. [&hellip;]<\/p>\n","protected":false},"author":2,"featured_media":0,"comment_status":"open","ping_status":"closed","sticky":false,"template":"","format":"standard","meta":{"footnotes":""},"categories":[82],"tags":[],"class_list":["post-969","post","type-post","status-publish","format-standard","hentry","category-lokale-nyheter"],"_links":{"self":[{"href":"https:\/\/bagn.no\/index.php?rest_route=\/wp\/v2\/posts\/969","targetHints":{"allow":["GET"]}}],"collection":[{"href":"https:\/\/bagn.no\/index.php?rest_route=\/wp\/v2\/posts"}],"about":[{"href":"https:\/\/bagn.no\/index.php?rest_route=\/wp\/v2\/types\/post"}],"author":[{"embeddable":true,"href":"https:\/\/bagn.no\/index.php?rest_route=\/wp\/v2\/users\/2"}],"replies":[{"embeddable":true,"href":"https:\/\/bagn.no\/index.php?rest_route=%2Fwp%2Fv2%2Fcomments&post=969"}],"version-history":[{"count":0,"href":"https:\/\/bagn.no\/index.php?rest_route=\/wp\/v2\/posts\/969\/revisions"}],"wp:attachment":[{"href":"https:\/\/bagn.no\/index.php?rest_route=%2Fwp%2Fv2%2Fmedia&parent=969"}],"wp:term":[{"taxonomy":"category","embeddable":true,"href":"https:\/\/bagn.no\/index.php?rest_route=%2Fwp%2Fv2%2Fcategories&post=969"},{"taxonomy":"post_tag","embeddable":true,"href":"https:\/\/bagn.no\/index.php?rest_route=%2Fwp%2Fv2%2Ftags&post=969"}],"curies":[{"name":"wp","href":"https:\/\/api.w.org\/{rel}","templated":true}]}}