{"id":796,"date":"2009-06-08T15:21:12","date_gmt":"2009-06-08T13:21:12","guid":{"rendered":"http:\/\/www.bagn.no\/?p=796"},"modified":"2009-06-08T15:21:12","modified_gmt":"2009-06-08T13:21:12","slug":"idrettsdag-pa-saus","status":"publish","type":"post","link":"https:\/\/bagn.no\/?p=796","title":{"rendered":"Idrettsdag p\u00e5 SAUS"},"content":{"rendered":"<p>\u00a0<a rel=\\\"attachment wp-att-881\\\" href=\\\"http:\/\/www.bagn.no\/?attachment_id=881\\\"><img class=\\\"alignleft size-thumbnail wp-image-881\\\" src=\\\"http:\/\/www.bagn.no\/wp-content\/upLoads\/ingressbilde1-150x100.jpg\\\" alt=\\\"Stafett\\\" width=\\\"150\\\" height=\\\"100\\\" \/><\/a><\/p>\n<p>\u00a0Fredag var elever fra Bagn, Reinli og Begnadalen samlet p\u00e5 idrettsdagen p\u00e5 SAUS.<\/p>\n<p>Se bilder fra idrettsdagen her.<\/p>\n<p>\u00a0<\/p>\n<p><!--more--><\/p>\n<p><a rel=\\\"attachment wp-att-776\\\" href=\\\"http:\/\/www.bagn.no\/?attachment_id=776\\\"><img class=\\\"size-medium wp-image-776 \\\" src=\\\"http:\/\/www.bagn.no\/wp-content\/upLoads\/dsc_0106-310x500.jpg\\\" alt=\\\"\\\" width=\\\"310\\\" height=\\\"500\\\" \/><\/a><\/p>\n<div class=\\\"mceTemp\\\">\n<dl>\n<dd>B\u00e5de store og sm\u00e5 n\u00f8yt matpausa i sola.<\/dd>\n<\/dl>\n<a rel=\\\"attachment wp-att-777\\\" href=\\\"http:\/\/www.bagn.no\/?attachment_id=777\\\" target=\\\"_blank\\\"><img class=\\\"size-medium wp-image-777\\\" src=\\\"http:\/\/www.bagn.no\/wp-content\/upLoads\/dsc_0119-334x500.jpg\\\" alt=\\\"\\\" width=\\\"334\\\" height=\\\"500\\\" \/><\/a>\n<div class=\\\"mceTemp\\\">\n<a rel=\\\"attachment wp-att-778\\\" href=\\\"http:\/\/www.bagn.no\/?attachment_id=778\\\"><img class=\\\"size-medium wp-image-778 \\\" src=\\\"http:\/\/www.bagn.no\/wp-content\/upLoads\/dsc_0136-500x334.jpg\\\" alt=\\\"\u00c9n av postene var rugby, og noen taklet det bedre enn andre...\\\" width=\\\"500\\\" height=\\\"334\\\" \/><\/a>\n<\/div>\n<div class=\\\"mceTemp\\\">\n<a rel=\\\"attachment wp-att-779\\\" href=\\\"http:\/\/www.bagn.no\/?attachment_id=779\\\"><img class=\\\"size-medium wp-image-779\\\" src=\\\"http:\/\/www.bagn.no\/wp-content\/upLoads\/dsc_0149-319x500.jpg\\\" alt=\\\"Men gleden ble kortvarig...\\\" width=\\\"319\\\" height=\\\"500\\\" \/><\/a>\n<div class=\\\"mceTemp\\\">\n<div class=\\\"mceTemp\\\">\n<a rel=\\\"attachment wp-att-781\\\" href=\\\"http:\/\/www.bagn.no\/?attachment_id=781\\\"><img class=\\\"size-medium wp-image-781\\\" src=\\\"http:\/\/www.bagn.no\/wp-content\/upLoads\/dsc_0175-334x500.jpg\\\" alt=\\\"Mange ville gjerne f\u00e5 ri flere runder p\u00e5 hesteridnings-posten.\\\" width=\\\"334\\\" height=\\\"500\\\" \/><\/a>\n<\/div>\n<div class=\\\"mceTemp\\\"><a rel=\\\"attachment wp-att-780\\\" href=\\\"http:\/\/www.bagn.no\/?attachment_id=780\\\"><img class=\\\"alignleft size-medium wp-image-780\\\" src=\\\"http:\/\/www.bagn.no\/wp-content\/upLoads\/dsc_0171-334x500.jpg\\\" alt=\\\"Hest\\\" width=\\\"334\\\" height=\\\"500\\\" \/><\/a><\/div>\n<\/div>\n<div class=\\\"mceTemp\\\">\n<a rel=\\\"attachment wp-att-782\\\" href=\\\"http:\/\/www.bagn.no\/?attachment_id=782\\\"><img class=\\\"size-medium wp-image-782\\\" src=\\\"http:\/\/www.bagn.no\/wp-content\/upLoads\/dsc_0179-500x334.jpg\\\" alt=\\\"F\u00f8rsteklassingene f\u00e5r instrukser p\u00e5 den ene posten.\\\" width=\\\"500\\\" height=\\\"334\\\" \/><\/a>\n<\/div>\n<div class=\\\"mceTemp\\\">\n<a rel=\\\"attachment wp-att-785\\\" href=\\\"http:\/\/www.bagn.no\/?attachment_id=785\\\"><img class=\\\"size-medium wp-image-785\\\" src=\\\"http:\/\/www.bagn.no\/wp-content\/upLoads\/dsc_0200-500x323.jpg\\\" alt=\\\"P\u00e5 en av postene fikk elevene testet seg i h\u00e5ndbak.\\\" width=\\\"500\\\" height=\\\"323\\\" \/><\/a>\n<\/div>\n<div class=\\\"mceTemp\\\">\n<a rel=\\\"attachment wp-att-784\\\" href=\\\"http:\/\/www.bagn.no\/?attachment_id=784\\\"><img class=\\\"size-medium wp-image-784\\\" src=\\\"http:\/\/www.bagn.no\/wp-content\/upLoads\/dsc_0197-500x334.jpg\\\" alt=\\\"Espen og Magne viste hvordan man virkelig skulle bryte h\u00e5ndbak.\\\" width=\\\"500\\\" height=\\\"334\\\" \/><\/a>\n<\/div>\n<div class=\\\"mceTemp\\\"><a rel=\\\"attachment wp-att-783\\\" href=\\\"http:\/\/www.bagn.no\/?attachment_id=783\\\"><img class=\\\"alignleft size-medium wp-image-783\\\" src=\\\"http:\/\/www.bagn.no\/wp-content\/upLoads\/dsc_0183-334x500.jpg\\\" alt=\\\"H\u00e5ndbak3\\\" width=\\\"334\\\" height=\\\"500\\\" \/><\/a><\/div>\n<div class=\\\"mceTemp\\\">\n<a rel=\\\"attachment wp-att-786\\\" href=\\\"http:\/\/www.bagn.no\/?attachment_id=786\\\"><img class=\\\"size-medium wp-image-786\\\" src=\\\"http:\/\/www.bagn.no\/wp-content\/upLoads\/dsc_0213-500x334.jpg\\\" alt=\\\"Martine passet p\u00e5 at d\u00f8dballspillinga gikk ordentlig for seg.\\\" width=\\\"500\\\" height=\\\"334\\\" \/><\/a>\n<\/div>\n<div class=\\\"mceTemp\\\">\n<a rel=\\\"attachment wp-att-787\\\" href=\\\"http:\/\/www.bagn.no\/?attachment_id=787\\\"><img class=\\\"size-medium wp-image-787\\\" src=\\\"http:\/\/www.bagn.no\/wp-content\/upLoads\/dsc_0236-500x334.jpg\\\" alt=\\\"K\u00e5re gir f\u00f8rsteklassingene beskjed om hva som skal skje resten av dagen.\\\" width=\\\"500\\\" height=\\\"334\\\" \/><\/a>\n<\/div>\n<div class=\\\"mceTemp\\\">\n<a rel=\\\"attachment wp-att-788\\\" href=\\\"http:\/\/www.bagn.no\/?attachment_id=788\\\"><img class=\\\"size-medium wp-image-788 \\\" src=\\\"http:\/\/www.bagn.no\/wp-content\/upLoads\/dsc_0239-334x500.jpg\\\" alt=\\\"Bagn skole stilte med bare sm\u00e5 engler.\\\" width=\\\"334\\\" height=\\\"500\\\" \/><\/a>\n<div class=\\\"mceTemp\\\">\n<a rel=\\\"attachment wp-att-789\\\" href=\\\"http:\/\/www.bagn.no\/?attachment_id=789\\\"><img class=\\\"size-medium wp-image-789\\\" src=\\\"http:\/\/www.bagn.no\/wp-content\/upLoads\/dsc_0264-500x331.jpg\\\" alt=\\\"Maiken var med p\u00e5 \u00e5 vise reinlingene hvem som er best i fotball i sm\u00e5skolen.\\\" width=\\\"500\\\" height=\\\"331\\\" \/><\/a>\n<\/div>\n<div class=\\\"mceTemp\\\">\n<a rel=\\\"attachment wp-att-790\\\" href=\\\"http:\/\/www.bagn.no\/?attachment_id=790\\\"><img class=\\\"size-medium wp-image-790\\\" src=\\\"http:\/\/www.bagn.no\/wp-content\/upLoads\/dsc_0276-500x332.jpg\\\" alt=\\\"Heftige dueller m\u00e5tte til n\u00e5r det skulle avgj\u00f8res hvem som var i best i fotball av Bagn og Reinli. \\\" width=\\\"500\\\" height=\\\"332\\\" \/><\/a>\n<\/div>\n<div class=\\\"mceTemp\\\">\n<a rel=\\\"attachment wp-att-791\\\" href=\\\"http:\/\/www.bagn.no\/?attachment_id=791\\\"><img class=\\\"size-medium wp-image-791 \\\" src=\\\"http:\/\/www.bagn.no\/wp-content\/upLoads\/dsc_0345-500x344.jpg\\\" alt=\\\"I \u00e5r ble det Bagn mot Bagn i finalen for storskolen.\\\" width=\\\"500\\\" height=\\\"344\\\" \/><\/a>\n<div class=\\\"mceTemp\\\">\n<a rel=\\\"attachment wp-att-792\\\" href=\\\"http:\/\/www.bagn.no\/?attachment_id=792\\\"><img class=\\\"size-medium wp-image-792\\\" src=\\\"http:\/\/www.bagn.no\/wp-content\/upLoads\/dsc_0354-500x334.jpg\\\" alt=\\\"Ingen glede er st\u00f8rre enn idrettsglede.\\\" width=\\\"500\\\" height=\\\"334\\\" \/><\/a>\n<\/div>\n<div class=\\\"mceTemp\\\">\n<a rel=\\\"attachment wp-att-793\\\" href=\\\"http:\/\/www.bagn.no\/?attachment_id=793\\\"><img class=\\\"size-medium wp-image-793\\\" src=\\\"http:\/\/www.bagn.no\/wp-content\/upLoads\/dsc_0374-500x335.jpg\\\" alt=\\\"Vekslingen gikk knirkefritt, og Viktoria kom seg raskt ut p\u00e5 andreetappen.\\\" width=\\\"500\\\" height=\\\"335\\\" \/><\/a>\n<\/div>\n<div class=\\\"mceTemp\\\">\n<a rel=\\\"attachment wp-att-794\\\" href=\\\"http:\/\/www.bagn.no\/?attachment_id=794\\\"><img class=\\\"size-medium wp-image-794\\\" src=\\\"http:\/\/www.bagn.no\/wp-content\/upLoads\/dsc_0384-500x334.jpg\\\" alt=\\\"Denne gjengen ventet spente p\u00e5 utfallet av stafetten.\\\" width=\\\"500\\\" height=\\\"334\\\" \/><\/a>\n<\/div>\n<div class=\\\"mceTemp\\\">\n<a rel=\\\"attachment wp-att-795\\\" href=\\\"http:\/\/www.bagn.no\/?attachment_id=795\\\"><img class=\\\"size-medium wp-image-795\\\" src=\\\"http:\/\/www.bagn.no\/wp-content\/upLoads\/dsc_0395-500x378.jpg\\\" alt=\\\"Stafetten avsluttet idrettsdagen, men i \u00e5r m\u00e5tte nok skuffede begninger innse at Begnadalen ble for sterke.\\\" width=\\\"500\\\" height=\\\"378\\\" \/><\/a>\n<\/div>\n<div class=\\\"mceTemp\\\">Alle foto: Synne Kvam<\/div>\n<\/div>\n<\/div>\n<\/div>\n<\/div>\n","protected":false},"excerpt":{"rendered":"<p>\u00a0 \u00a0Fredag var elever fra Bagn, Reinli og Begnadalen samlet p\u00e5 idrettsdagen p\u00e5 SAUS. Se bilder fra idrettsdagen her. \u00a0<\/p>\n","protected":false},"author":2,"featured_media":0,"comment_status":"open","ping_status":"closed","sticky":false,"template":"","format":"standard","meta":{"footnotes":""},"categories":[74],"tags":[],"class_list":["post-796","post","type-post","status-publish","format-standard","hentry","category-idrett"],"_links":{"self":[{"href":"https:\/\/bagn.no\/index.php?rest_route=\/wp\/v2\/posts\/796","targetHints":{"allow":["GET"]}}],"collection":[{"href":"https:\/\/bagn.no\/index.php?rest_route=\/wp\/v2\/posts"}],"about":[{"href":"https:\/\/bagn.no\/index.php?rest_route=\/wp\/v2\/types\/post"}],"author":[{"embeddable":true,"href":"https:\/\/bagn.no\/index.php?rest_route=\/wp\/v2\/users\/2"}],"replies":[{"embeddable":true,"href":"https:\/\/bagn.no\/index.php?rest_route=%2Fwp%2Fv2%2Fcomments&post=796"}],"version-history":[{"count":0,"href":"https:\/\/bagn.no\/index.php?rest_route=\/wp\/v2\/posts\/796\/revisions"}],"wp:attachment":[{"href":"https:\/\/bagn.no\/index.php?rest_route=%2Fwp%2Fv2%2Fmedia&parent=796"}],"wp:term":[{"taxonomy":"category","embeddable":true,"href":"https:\/\/bagn.no\/index.php?rest_route=%2Fwp%2Fv2%2Fcategories&post=796"},{"taxonomy":"post_tag","embeddable":true,"href":"https:\/\/bagn.no\/index.php?rest_route=%2Fwp%2Fv2%2Ftags&post=796"}],"curies":[{"name":"wp","href":"https:\/\/api.w.org\/{rel}","templated":true}]}}