{"id":7397,"date":"2011-08-25T13:01:00","date_gmt":"2011-08-25T12:01:00","guid":{"rendered":"http:\/\/www.bagn.no\/?p=7397"},"modified":"2013-11-24T22:00:19","modified_gmt":"2013-11-24T21:00:19","slug":"husk-s%c3%b8r-aurdalsrevyen-l%c3%b8rdag","status":"publish","type":"post","link":"https:\/\/bagn.no\/?p=7397","title":{"rendered":"Husk S\u00d8R-AURDALSREVYEN L\u00d8RDAG !"},"content":{"rendered":"<p><strong><a href=\"http:\/\/www.bagn.no\/wp-content\/upLoads\/S\u00f8r-Aurdal-revyen-plakat1.jpg\"><img loading=\"lazy\" decoding=\"async\" class=\"alignleft size-medium wp-image-7398\" src=\"http:\/\/bagn.no\/wp-content\/uploads\/2011\/08\/S\u00f8r-Aurdal-revyen-plakat1-353x500.jpg\" alt=\"\" width=\"160\" height=\"195\" \/><\/a><span style=\"text-decoration: underline\">Sted:<\/span>\u00a0 Stor\u00f8ya Skogsamfi v\/ Nordre Garthus g\u00e5rd.<\/strong><br \/>\n<strong><span style=\"text-decoration: underline\">Tid:<\/span> L\u00f8rdag 27.august. Underholdningen starter kl. 18.00.<\/strong><br \/>\nKiosken er \u00e5pen, og grillene er varme\u00a0for medbrakt mat, fra kl. 16.00.<\/p>\n<p>Vi trosser skumle v\u00e6rutsikter, spenner opp noen presenninger og partytelt.\u00a0 Griller og scene skal rekke \u00e5 komme p\u00e5 plass, st\u00f8vlene tas p\u00e5 beina,\u00a0 hetta dras over hodet om n\u00f8dvendig, men viktigst av alt; HUM\u00d8RET medbringes, sammen med VILJEN og \u00d8NSKET om \u00e5 skape god underholdning.<\/p>\n<p>Vi h\u00e5per at DU vil bidra som publikummer \u00e5 sette den riktige stemningen, og dermed bekrefte for alle akt\u00f8rene at de blir satt pris p\u00e5 \ud83d\ude42<br \/>\nHusk; BARNA er mer enn gjerne velkomne, -ta med STOL, grillene vil v\u00e6re varme s\u00e5 dere kan ta med litt GRILLMAT og nyte i hyggelig selskap.<\/p>\n<p>Hilsen arrang\u00f8rene:\u00a0 Vennepunktet, Bagn ILs revygruppe, Begnadalen<br \/>\namat\u00f8rteater og Hedalen UL m\/ Hedalen musikkorps som gjester.<\/p>\n","protected":false},"excerpt":{"rendered":"<p>Sted:\u00a0 Stor\u00f8ya Skogsamfi v\/ Nordre Garthus g\u00e5rd. Tid: L\u00f8rdag 27.august. Underholdningen starter kl. 18.00. Kiosken er \u00e5pen, og grillene er varme\u00a0for medbrakt mat, fra kl. 16.00. Vi trosser skumle v\u00e6rutsikter, spenner opp noen presenninger og partytelt.\u00a0 Griller og scene skal rekke \u00e5 komme p\u00e5 plass, st\u00f8vlene tas p\u00e5 beina,\u00a0 hetta dras over hodet om n\u00f8dvendig, [&hellip;]<\/p>\n","protected":false},"author":3,"featured_media":17223,"comment_status":"open","ping_status":"closed","sticky":false,"template":"","format":"standard","meta":{"footnotes":""},"categories":[78],"tags":[],"class_list":["post-7397","post","type-post","status-publish","format-standard","has-post-thumbnail","hentry","category-kultur"],"_links":{"self":[{"href":"https:\/\/bagn.no\/index.php?rest_route=\/wp\/v2\/posts\/7397","targetHints":{"allow":["GET"]}}],"collection":[{"href":"https:\/\/bagn.no\/index.php?rest_route=\/wp\/v2\/posts"}],"about":[{"href":"https:\/\/bagn.no\/index.php?rest_route=\/wp\/v2\/types\/post"}],"author":[{"embeddable":true,"href":"https:\/\/bagn.no\/index.php?rest_route=\/wp\/v2\/users\/3"}],"replies":[{"embeddable":true,"href":"https:\/\/bagn.no\/index.php?rest_route=%2Fwp%2Fv2%2Fcomments&post=7397"}],"version-history":[{"count":0,"href":"https:\/\/bagn.no\/index.php?rest_route=\/wp\/v2\/posts\/7397\/revisions"}],"wp:featuredmedia":[{"embeddable":true,"href":"https:\/\/bagn.no\/index.php?rest_route=\/wp\/v2\/media\/17223"}],"wp:attachment":[{"href":"https:\/\/bagn.no\/index.php?rest_route=%2Fwp%2Fv2%2Fmedia&parent=7397"}],"wp:term":[{"taxonomy":"category","embeddable":true,"href":"https:\/\/bagn.no\/index.php?rest_route=%2Fwp%2Fv2%2Fcategories&post=7397"},{"taxonomy":"post_tag","embeddable":true,"href":"https:\/\/bagn.no\/index.php?rest_route=%2Fwp%2Fv2%2Ftags&post=7397"}],"curies":[{"name":"wp","href":"https:\/\/api.w.org\/{rel}","templated":true}]}}