{"id":7317,"date":"2011-08-23T20:51:22","date_gmt":"2011-08-23T19:51:22","guid":{"rendered":"http:\/\/www.bagn.no\/?p=7317"},"modified":"2013-11-24T22:00:16","modified_gmt":"2013-11-24T21:00:16","slug":"emmy-bakkom-ap-om-naering","status":"publish","type":"post","link":"https:\/\/bagn.no\/?p=7317","title":{"rendered":"Emmy Bakkom (Ap) om n\u00e6ring"},"content":{"rendered":"<p><strong><a href=\"http:\/\/bagn.no\/wp-content\/uploads\/2011\/08\/emmy-bakkom.jpg\"><img loading=\"lazy\" decoding=\"async\" class=\"alignright size-full wp-image-7319\" src=\"http:\/\/bagn.no\/wp-content\/uploads\/2011\/08\/emmy-bakkom.jpg\" alt=\"\" width=\"125\" height=\"138\" \/><\/a><\/strong>Tekst: Arne Heimest\u00f8l<\/p>\n<p><strong>Listekandidat Emmy Bakkom (Ap) svarer i dag p\u00e5 sp\u00f8rsm\u00e5l knyttet til temaet n\u00e6ring<\/strong>.\u00a0<\/p>\n<p><em>\u2013 Kan du gi en kort presentasjon av deg selv med hensyn til alder, bosted, yrke, politisk bakgrunn\/erfaring og andre relevante opplysninger knyttet til at du kan bli folkevalgt?<\/em><\/p>\n<p>\u2013 Jeg er 62 \u00e5r, bor i Hedalen og jobber som veileder i attf\u00f8ringsbedriften Valdres Kompetansevekst. For tiden har jeg ansvaret for VKV sin del av et samarbeidsprosjekt med Fekj\u00e6r psyk. senter og kommunen.<br \/>\n<!--more-->Jeg er medlem i Arbeiderpartiet og har v\u00e6rt politisk aktiv de siste 12 \u00e5rene. F\u00f8rst som medlem i levek\u00e5rskomiteen i to perioder, i kommunestyret i to perioder, i formannskapet i en periode og i utviklingskomiteen i en periode. Jeg syns politikk er spennende og utfordrende og h\u00e5per \u00e5 kunne bidra til at S\u00f8r-Aurdal fortsatt blir en god kommune \u00e5 bo i.\u00a0<\/p>\n<p><em>\u2013 Har du \u00e9n eller flere saker du brenner for, og som du h\u00e5per \u00e5 kunne gj\u00f8re noe med dersom du blir folkevalgt?<br \/>\n<\/em><br \/>\n\u2013 Jeg brenner for at alle skal ha like muligheter til utdanning, til helsetjenester og eldreomsorg.<br \/>\nVi har gode skoler i kommunen, og vi m\u00e5 tilf\u00f8re de ressursene som er n\u00f8dvendig for \u00e5 v\u00e6re med i utviklingen.<br \/>\nEldreomsorgen i kommunen oppleves som god. Det b\u00f8r vi s\u00f8rge for at den fortsatt blir.<br \/>\nMange eldre i dag har god \u00f8konomi som de b\u00f8r investere i en god alderdom, men kommunens plikt er at alle uansett \u00f8konomi skal ha det bra.<br \/>\nI S\u00f8r-Aurdal har de fleste slekt og venner, s\u00e5 det er lett \u00e5 satse p\u00e5 mye frivillighet som kan gj\u00f8re en alderdom enda bedre.<\/p>\n<p><em>\u2013 Det er omtrent like mange hytter som innbyggere i S\u00f8r-Aurdal. Hvordan kan kommunen og n\u00e6ringslivet i st\u00f8rre grad utnytte de muligheter dette gir?<br \/>\n<\/em><br \/>\n\u2013 S\u00f8r-Aurdal er forh\u00e5pentligvis en god kommune \u00e5 ha hytte i, der kommunen fors\u00f8ker \u00e5 legge til rette for hyttefolk og tilbakemeldingene sier at det ytes rask og god service og saksbehandling.<br \/>\nHyttefolkene, som etter hvert bruker mer tid p\u00e5 hytta, kan v\u00e6re en god ressurs hvis vi gir dem mulighetene til \u00e5 delta i utviklingen av n\u00e6romr\u00e5dene. Et godt eksempel er l\u00f8ypelaget i Hedalen. Vi m\u00e5 presentere v\u00e5r tilbud slik at de er lett tilgjengelig og attraktive \u00e5 benytte, tilbud til hyttebeboerne kan bli\/er inntekt for mange i bygdene.<\/p>\n<p>S\u00f8r-Aurdal har et rikt kulturliv. Det gir oss et godt omd\u00f8mme, og vi ser at veien mellom kultur og n\u00e6ring er kort. Her tror jeg det er mange omkring i hyttene som kan bidra b\u00e5de som publikum, deltakere og medhjelpere.<br \/>\nHar vi spennende prosjekter, ser jeg ikke bort fra at det er mange hyttefolk som kan v\u00e6re med \u00e5 investere.<br \/>\n\u00a0<\/p>\n<p><em>\u2013 Tidligere fylkesskogbrukssjef Knut D\u00e6hlen har sagt at blant opplandskommunene er skogen viktigst for S\u00f8r-Aurdal. Ser du for deg nye og andre muligheter knyttet til skogbruksn\u00e6ringen?<br \/>\n<\/em><br \/>\n\u2013 Vi m\u00e5 se p\u00e5 skogen som en ressurs som brukes i n\u00e6ring i kommunen. N\u00e5 som det er sterkt fokus p\u00e5 milj\u00f8, b\u00f8r vi se p\u00e5 l\u00f8sninger som gir oss energi og p\u00e5 hva som kan gj\u00f8res for \u00e5 spare energi, for eksempel milj\u00f8vennlige hus. Vi har to store bedrifter i kommunen som allerede benytter skogen i sin industri. Dette er bedrifter som f\u00f8lger godt med p\u00e5 morgendagens teknologi og den ene er allerede milj\u00f8sertifisert. Tenk om vi kunne sammen med de ressursene som finnes, utnytte skogen og naturen til \u00e5 bli best p\u00e5 milj\u00f8.<\/p>\n<p><em>\u2013 Hvilken betydning mener du jordbruket b\u00f8r ha i kommunen i framtida? Hva tenker du om boplikten?<\/em><br \/>\n\u00a0<\/p>\n<p>\u2013 Jordbruket b\u00f8r st\u00e5 sterkt, ikke bare i kommunen, men i hele landet i framtida. I en verden der mange lider under matmangel b\u00f8r vi s\u00e5 langt som r\u00e5d er, v\u00e6re med p\u00e5 \u00e5 fremstille mer av den maten vi forbruker. Jordbruket er ogs\u00e5 med p\u00e5 \u00e5 holde landskapet i hevd, ta vare p\u00e5 historie og kultur, samtidig som det er mange som \u00f8nsker jordbruket som en livsstil med inntekt.<\/p>\n<p>Jeg mener vi er forpliktet til \u00e5 ta vare p\u00e5 brukene for ettertiden. Det er uheldig hvis brukene blir splittet opp og med dette gir f\u00e6rre anledning\/lyst til \u00e5 flytte til landsbygda.<\/p>\n<p><em>\u2013 Hva mener du kommunen selv, og sammen med andre, kan gj\u00f8re for \u00e5 legge til rette for rekruttering av kompetent arbeidskraft b\u00e5de i offentlig og privat sektor?<br \/>\n<\/em><br \/>\n\u2013 Bedriftene og kommunen b\u00f8r tidlig inn i skolen for \u00e5 gi signaler om hvilken arbeidskraft de har behov for i fremtiden. I tillegg m\u00e5 vi etablere l\u00e6rlingeplasser og en l\u00e6rlingeordning slik at de som har lyst til \u00e5 utdanne seg i kommunen har mulighet til det. I regionen m\u00e5 vi se p\u00e5 om det er mulig \u00e5 f\u00e5 til et h\u00f8yskolemilj\u00f8 slik at noen av ungdommene kan ta utdanning i Valdres. Det vil gi oss st\u00f8rre sjanse til \u00e5 behold dem her i voksen alder.<br \/>\nVi som bor i mindre urbane str\u00f8k, m\u00e5 i hverdagen fortelle hvilke kvaliteter vi har p\u00e5 landsbygda slik at vi som bor her, f\u00e5r lyst til \u00e5 v\u00e6re her og de \u201d som ser oss\u201d f\u00e5r lyst til \u00e5 flytte hit. Hvordan vi omtaler hverdagen, er med p\u00e5 \u00e5 skape virkeligheten.<\/p>\n","protected":false},"excerpt":{"rendered":"<p>Tekst: Arne Heimest\u00f8l Listekandidat Emmy Bakkom (Ap) svarer i dag p\u00e5 sp\u00f8rsm\u00e5l knyttet til temaet n\u00e6ring.\u00a0 \u2013 Kan du gi en kort presentasjon av deg selv med hensyn til alder, bosted, yrke, politisk bakgrunn\/erfaring og andre relevante opplysninger knyttet til at du kan bli folkevalgt? \u2013 Jeg er 62 \u00e5r, bor i Hedalen og jobber [&hellip;]<\/p>\n","protected":false},"author":3,"featured_media":17216,"comment_status":"open","ping_status":"closed","sticky":false,"template":"","format":"standard","meta":{"footnotes":""},"categories":[85],"tags":[],"class_list":["post-7317","post","type-post","status-publish","format-standard","has-post-thumbnail","hentry","category-politikk"],"_links":{"self":[{"href":"https:\/\/bagn.no\/index.php?rest_route=\/wp\/v2\/posts\/7317","targetHints":{"allow":["GET"]}}],"collection":[{"href":"https:\/\/bagn.no\/index.php?rest_route=\/wp\/v2\/posts"}],"about":[{"href":"https:\/\/bagn.no\/index.php?rest_route=\/wp\/v2\/types\/post"}],"author":[{"embeddable":true,"href":"https:\/\/bagn.no\/index.php?rest_route=\/wp\/v2\/users\/3"}],"replies":[{"embeddable":true,"href":"https:\/\/bagn.no\/index.php?rest_route=%2Fwp%2Fv2%2Fcomments&post=7317"}],"version-history":[{"count":0,"href":"https:\/\/bagn.no\/index.php?rest_route=\/wp\/v2\/posts\/7317\/revisions"}],"wp:featuredmedia":[{"embeddable":true,"href":"https:\/\/bagn.no\/index.php?rest_route=\/wp\/v2\/media\/17216"}],"wp:attachment":[{"href":"https:\/\/bagn.no\/index.php?rest_route=%2Fwp%2Fv2%2Fmedia&parent=7317"}],"wp:term":[{"taxonomy":"category","embeddable":true,"href":"https:\/\/bagn.no\/index.php?rest_route=%2Fwp%2Fv2%2Fcategories&post=7317"},{"taxonomy":"post_tag","embeddable":true,"href":"https:\/\/bagn.no\/index.php?rest_route=%2Fwp%2Fv2%2Ftags&post=7317"}],"curies":[{"name":"wp","href":"https:\/\/api.w.org\/{rel}","templated":true}]}}