{"id":5496,"date":"2011-01-30T23:21:46","date_gmt":"2011-01-30T22:21:46","guid":{"rendered":"http:\/\/www.bagn.no\/?p=5496"},"modified":"2013-11-24T21:57:55","modified_gmt":"2013-11-24T20:57:55","slug":"tarnagenthelg-i-kirka","status":"publish","type":"post","link":"https:\/\/bagn.no\/?p=5496","title":{"rendered":"T\u00e5rnagenthelg i kirka"},"content":{"rendered":"<div><a rel=\"attachment wp-att-5501\" href=\"http:\/\/www.bagn.no\/?attachment_id=5501\"><img loading=\"lazy\" decoding=\"async\" class=\"alignleft size-medium wp-image-5501\" src=\"http:\/\/bagn.no\/wp-content\/uploads\/2011\/01\/12-500x375.jpg\" alt=\"\" width=\"300\" height=\"225\" \/><\/a><em>Tekst og foto:\u00a0 Turid Juvkam<\/em><\/div>\n<div><em>\u00a0<\/em><\/div>\n<div>Denne\u00a0helgen har 27 unger fra Bagn, Reinli og Leirskogen v\u00e6rt i Bagn kyrkje p\u00e5 t\u00e5rnagenthelg. De kom kl 15.00 l\u00f8rdag. \u00a0Da m\u00e5tte de gi et passord for \u00e5 f\u00e5 komme inn og\u00a0for \u00e5 f\u00e5 \u00a0utdelt sitt eget agentbevis.\u00a0 De gikk s\u00e5 inn i kirka gjennom en labyrint, de m\u00e5tte sette fingeravtrykket sitt p\u00e5 en plakat og p\u00e5 agentbeviset sitt, og n\u00e5r de var gjennom labyrinten, fikk alle agenter et \u00a0flott gr\u00f8nt forst\u00f8rrelsesglass til \u00e5 bruke under oppdragene de fikk.\u00a0 <!--more--><\/div>\n<div>2 ordentlige politimenn kom og fortalte\u00a0om lure m\u00e5ter \u00e5 sikre og leite etter spor p\u00e5. <a rel=\"attachment wp-att-5502\" href=\"http:\/\/www.bagn.no\/?attachment_id=5502\"><img loading=\"lazy\" decoding=\"async\" class=\"alignright size-medium wp-image-5502\" src=\"http:\/\/bagn.no\/wp-content\/uploads\/2011\/01\/41-500x335.jpg\" alt=\"\" width=\"300\" height=\"201\" \/><\/a><\/div>\n<div>Ungene ble delt inn i grupper p\u00e5 4-7\u00a0 og fikk ulike oppdrag.\u00a0\u00a0 Alle\u00a0gruppene var oppe i kirket\u00e5rnet og fikk\u00a0se og h\u00f8re kirkeklokkene ringe.\u00a0 Noen fikk\u00a0 pr\u00f8ve\u00a0\u00e5 ringe. Alle gruppene var og p\u00e5 symboljakt inne i kirken med kamera for \u00e5 ta bilde av ulike symbol. De fant mange!\u00a0<a rel=\"attachment wp-att-5503\" href=\"http:\/\/www.bagn.no\/?attachment_id=5503\"><img loading=\"lazy\" decoding=\"async\" class=\"alignleft size-medium wp-image-5503\" src=\"http:\/\/bagn.no\/wp-content\/uploads\/2011\/01\/71-500x375.jpg\" alt=\"\" width=\"300\" height=\"225\" \/><\/a>\u00a0<a rel=\"attachment wp-att-5504\" href=\"http:\/\/www.bagn.no\/?attachment_id=5504\"><img loading=\"lazy\" decoding=\"async\" class=\"alignleft size-medium wp-image-5504\" src=\"http:\/\/bagn.no\/wp-content\/uploads\/2011\/01\/8-500x375.jpg\" alt=\"\" width=\"300\" height=\"225\" \/><\/a><\/div>\n<p><img loading=\"lazy\" decoding=\"async\" class=\"alignleft size-medium wp-image-5507\" src=\"http:\/\/bagn.no\/wp-content\/uploads\/2011\/01\/51-335x500.jpg\" alt=\"\" width=\"201\" height=\"300\" \/>Agenter blir sultne og derfor ble det servert p\u00f8lser og lompe\/br\u00f8d. <a rel=\"attachment wp-att-5542\" href=\"http:\/\/www.bagn.no\/?attachment_id=5542\"><img loading=\"lazy\" decoding=\"async\" class=\"alignleft size-medium wp-image-5542\" src=\"http:\/\/bagn.no\/wp-content\/uploads\/2011\/01\/15-500x335.jpg\" alt=\"\" width=\"300\" height=\"201\" \/><\/a>Etter pausen ble det litt skummelt, fordi den ene lederen forsvant.\u00a0 Agentene lette etter henne overalt i kirka.\u00a0 De s\u00e5 spor oppover mot t\u00e5rnet, s\u00e5\u00a0noen agenter var helt oppe i t\u00e5rnet igjen for \u00e5 se etter henne, men de\u00a0fant henne ikke. Men p\u00e5 mobilen hennes var det et spor og inne i en ballong var det en ledetr\u00e5d\u00a0om hvor hun kunne v\u00e6re. <a rel=\"attachment wp-att-5519\" href=\"http:\/\/www.bagn.no\/?attachment_id=5519\"><img loading=\"lazy\" decoding=\"async\" class=\"alignleft size-medium wp-image-5519\" src=\"http:\/\/bagn.no\/wp-content\/uploads\/2011\/01\/14-500x335.jpg\" alt=\"\" width=\"300\" height=\"201\" \/><\/a>Da det ble ringt med t\u00e5rnagentklokken, kom den forsvunnede lederen tilbake.\u00a0\u00a0Det viste seg at hun hadde reist i tid! Hun hadde m\u00f8tt Jesus og disiplene hans! <a rel=\"attachment wp-att-5512\" href=\"http:\/\/www.bagn.no\/?attachment_id=5512\"><\/a><img loading=\"lazy\" decoding=\"async\" class=\"aligncenter size-medium wp-image-5512\" src=\"http:\/\/bagn.no\/wp-content\/uploads\/2011\/01\/24-500x335.jpg\" alt=\"\" width=\"500\" height=\"335\" \/>Etter\u00a0at hun hadde fortalt alt sammen ( og sagt at det bare var p\u00e5 lek), ble\u00a0agentene igjen delt\u00a0i grupper. To\u00a0grupper ordnet til i kirken til b\u00f8nnevandring for dagen etter, en gruppe \u00f8vde inn dramastykke og to grupper var ute og intervjuet noen. L\u00f8rdagen ble avslutta kl 20.00 med en b\u00f8nnestund der alle tente et telys og plasserte det p\u00e5 korset.<a rel=\"attachment wp-att-5509\" href=\"http:\/\/www.bagn.no\/?attachment_id=5509\"><img loading=\"lazy\" decoding=\"async\" class=\"size-medium wp-image-5509 alignleft\" src=\"http:\/\/bagn.no\/wp-content\/uploads\/2011\/01\/181-500x335.jpg\" alt=\"\" width=\"300\" height=\"201\" \/><\/a><\/p>\n<div><a rel=\"attachment wp-att-5517\" href=\"http:\/\/www.bagn.no\/?attachment_id=5517\"><\/a><\/div>\n<div><a rel=\"attachment wp-att-5518\" href=\"http:\/\/www.bagn.no\/?attachment_id=5518\"><img loading=\"lazy\" decoding=\"async\" class=\"alignright size-medium wp-image-5518\" src=\"http:\/\/bagn.no\/wp-content\/uploads\/2011\/01\/19-335x500.jpg\" alt=\"\" width=\"201\" height=\"300\" \/><\/a>P\u00e5 s\u00f8ndag m\u00f8ttes alle t\u00e5rnagentene i kirken friske og opplagte kl 09.30.\u00a0\u00a0Da forberedte vi gudstjenesten som skulle begynne kl 11.00 og\u00a0vi \u00f8vde p\u00e5 alt vi skulle gj\u00f8re. Det ble en fin gudstjeneste med flott sang av t\u00e5rnagentene og skuespill og b\u00f8nnevandring for alle.<\/div>\n<div><a rel=\"attachment wp-att-5517\" href=\"http:\/\/www.bagn.no\/?attachment_id=5517\"><img loading=\"lazy\" decoding=\"async\" class=\"alignleft size-medium wp-image-5517\" src=\"http:\/\/bagn.no\/wp-content\/uploads\/2011\/01\/23-335x500.jpg\" alt=\"\" width=\"201\" height=\"300\" \/><\/a><\/div>\n<p>Etter gudstjenesten var det kirkekaffe i kirka.\u00a0\u00a0\u00a0Da viste vi bilder p\u00e5 storskjerm fra helgen. Takk til alle agenter for en flott helg!<a rel=\"attachment wp-att-5530\" href=\"http:\/\/www.bagn.no\/?attachment_id=5530\"><img loading=\"lazy\" decoding=\"async\" class=\"alignright size-medium wp-image-5530\" src=\"http:\/\/bagn.no\/wp-content\/uploads\/2011\/01\/22-500x335.jpg\" alt=\"\" width=\"300\" height=\"201\" \/><\/a><\/p>\n<div><a rel=\"attachment wp-att-5521\" href=\"http:\/\/www.bagn.no\/?attachment_id=5521\"><img loading=\"lazy\" decoding=\"async\" class=\"size-medium wp-image-5521 alignright\" src=\"http:\/\/bagn.no\/wp-content\/uploads\/2011\/01\/10-375x500.jpg\" alt=\"\" width=\"225\" height=\"300\" \/><\/a><a rel=\"attachment wp-att-5522\" href=\"http:\/\/www.bagn.no\/?attachment_id=5522\"><img loading=\"lazy\" decoding=\"async\" class=\"size-medium wp-image-5522 alignleft\" src=\"http:\/\/bagn.no\/wp-content\/uploads\/2011\/01\/13-375x500.jpg\" alt=\"\" width=\"225\" height=\"300\" \/><\/a><a rel=\"attachment wp-att-5533\" href=\"http:\/\/www.bagn.no\/?attachment_id=5533\"><img loading=\"lazy\" decoding=\"async\" class=\"aligncenter size-medium wp-image-5533\" src=\"http:\/\/bagn.no\/wp-content\/uploads\/2011\/01\/261-500x335.jpg\" alt=\"\" width=\"500\" height=\"335\" \/><\/a><a rel=\"attachment wp-att-5532\" href=\"http:\/\/www.bagn.no\/?attachment_id=5532\"><img loading=\"lazy\" decoding=\"async\" class=\"aligncenter size-medium wp-image-5532\" src=\"http:\/\/bagn.no\/wp-content\/uploads\/2011\/01\/1111-500x375.jpg\" alt=\"\" width=\"500\" height=\"375\" \/><\/a><a rel=\"attachment wp-att-5520\" href=\"http:\/\/www.bagn.no\/?attachment_id=5520\"><img loading=\"lazy\" decoding=\"async\" class=\"aligncenter size-medium wp-image-5520\" src=\"http:\/\/bagn.no\/wp-content\/uploads\/2011\/01\/9-500x375.jpg\" alt=\"\" width=\"500\" height=\"375\" \/><\/a><a rel=\"attachment wp-att-5510\" href=\"http:\/\/www.bagn.no\/?attachment_id=5510\"><\/a><a rel=\"attachment wp-att-5511\" href=\"http:\/\/www.bagn.no\/?attachment_id=5511\"><img loading=\"lazy\" decoding=\"async\" class=\"aligncenter size-medium wp-image-5511\" src=\"http:\/\/bagn.no\/wp-content\/uploads\/2011\/01\/20-500x335.jpg\" alt=\"\" width=\"500\" height=\"335\" \/><\/a><a rel=\"attachment wp-att-5531\" href=\"http:\/\/www.bagn.no\/?attachment_id=5531\"><\/a>\u00a0<\/div>\n","protected":false},"excerpt":{"rendered":"<p>Tekst og foto:\u00a0 Turid Juvkam \u00a0 Denne\u00a0helgen har 27 unger fra Bagn, Reinli og Leirskogen v\u00e6rt i Bagn kyrkje p\u00e5 t\u00e5rnagenthelg. De kom kl 15.00 l\u00f8rdag. \u00a0Da m\u00e5tte de gi et passord for \u00e5 f\u00e5 komme inn og\u00a0for \u00e5 f\u00e5 \u00a0utdelt sitt eget agentbevis.\u00a0 De gikk s\u00e5 inn i kirka gjennom en labyrint, de m\u00e5tte [&hellip;]<\/p>\n","protected":false},"author":3,"featured_media":16912,"comment_status":"open","ping_status":"closed","sticky":false,"template":"","format":"standard","meta":{"footnotes":""},"categories":[76],"tags":[],"class_list":["post-5496","post","type-post","status-publish","format-standard","has-post-thumbnail","hentry","category-kirke"],"_links":{"self":[{"href":"https:\/\/bagn.no\/index.php?rest_route=\/wp\/v2\/posts\/5496","targetHints":{"allow":["GET"]}}],"collection":[{"href":"https:\/\/bagn.no\/index.php?rest_route=\/wp\/v2\/posts"}],"about":[{"href":"https:\/\/bagn.no\/index.php?rest_route=\/wp\/v2\/types\/post"}],"author":[{"embeddable":true,"href":"https:\/\/bagn.no\/index.php?rest_route=\/wp\/v2\/users\/3"}],"replies":[{"embeddable":true,"href":"https:\/\/bagn.no\/index.php?rest_route=%2Fwp%2Fv2%2Fcomments&post=5496"}],"version-history":[{"count":0,"href":"https:\/\/bagn.no\/index.php?rest_route=\/wp\/v2\/posts\/5496\/revisions"}],"wp:featuredmedia":[{"embeddable":true,"href":"https:\/\/bagn.no\/index.php?rest_route=\/wp\/v2\/media\/16912"}],"wp:attachment":[{"href":"https:\/\/bagn.no\/index.php?rest_route=%2Fwp%2Fv2%2Fmedia&parent=5496"}],"wp:term":[{"taxonomy":"category","embeddable":true,"href":"https:\/\/bagn.no\/index.php?rest_route=%2Fwp%2Fv2%2Fcategories&post=5496"},{"taxonomy":"post_tag","embeddable":true,"href":"https:\/\/bagn.no\/index.php?rest_route=%2Fwp%2Fv2%2Ftags&post=5496"}],"curies":[{"name":"wp","href":"https:\/\/api.w.org\/{rel}","templated":true}]}}