{"id":28186,"date":"2023-12-17T22:43:06","date_gmt":"2023-12-17T21:43:06","guid":{"rendered":"https:\/\/www.bagn.no\/?p=28186"},"modified":"2023-12-18T01:12:39","modified_gmt":"2023-12-18T00:12:39","slug":"julestemning-med-korps-og-kor","status":"publish","type":"post","link":"https:\/\/bagn.no\/?p=28186","title":{"rendered":"Julestemning med korps og kor"},"content":{"rendered":"\n<p>S\u00f8ndag valgte mange av oss \u00e5 la tradisjon og \u00f8nsket om julestemning trumfe b\u00e5de h\u00e5ndball-finale og United-kamp. Vi fant veien til Bagn Kyrkje og korpsets \u00e5rlige julekonsert.  De innledet med <em>Angels we have heard<\/em> f\u00f8r de inviterte til f\u00f8rste allsang, <em>Det kimer n\u00e5 til julefest<\/em>. Og med hele S\u00f8r-Aurdalkoret og Vestre Slidre Sanglag p\u00e5 benkene, s\u00e5 ble det skikkelig tr\u00f8kk i allsangene.  <em>Stjernesludd<\/em> har korpset spilt flere ganger, men denne gangen spilte J\u00f8rgen D Randem solo p\u00e5 althorn for f\u00f8rste gang.  Korpset spilte deretter ytterligere tre sanger til f\u00f8r nevnte kor slapp til med sin konsert.  <\/p>\n\n\n\n<figure class=\"wp-block-image size-large is-resized\"><img loading=\"lazy\" decoding=\"async\" width=\"683\" height=\"1024\" src=\"\/wp-content\/uploads\/2023\/12\/IMG_0828-red-683x1024.jpg\" alt=\"\" class=\"wp-image-28187\" style=\"width:272px;height:auto\" srcset=\"\/wp-content\/uploads\/2023\/12\/IMG_0828-red-683x1024.jpg 683w, \/wp-content\/uploads\/2023\/12\/IMG_0828-red-200x300.jpg 200w, \/wp-content\/uploads\/2023\/12\/IMG_0828-red-768x1152.jpg 768w, \/wp-content\/uploads\/2023\/12\/IMG_0828-red-scaled.jpg 1707w\" sizes=\"auto, (max-width: 683px) 100vw, 683px\" \/><\/figure>\n\n\n\n<p>Koret fremf\u00f8rte en julekantate &laquo;i denne s\u00f8te juletid&raquo;, som var en samling salmer og sanger som omhandlet juleevangeliet. Her har koret gitt seg selv en spennende utfordring, ikke minst ved at mange av kormedlemmene n\u00e5 hadde solistroller.  De l\u00f8ste det p\u00e5 str\u00e5lende vis og ga oss en fin julestemning i kveld.<\/p>\n\n\n\n<figure class=\"wp-block-image size-large\"><img loading=\"lazy\" decoding=\"async\" width=\"1024\" height=\"683\" src=\"\/wp-content\/uploads\/2023\/12\/IMG_0834-red-1024x683.jpg\" alt=\"\" class=\"wp-image-28188\" srcset=\"\/wp-content\/uploads\/2023\/12\/IMG_0834-red-1024x683.jpg 1024w, \/wp-content\/uploads\/2023\/12\/IMG_0834-red-300x200.jpg 300w, \/wp-content\/uploads\/2023\/12\/IMG_0834-red-768x512.jpg 768w\" sizes=\"auto, (max-width: 1024px) 100vw, 1024px\" \/><\/figure>\n\n\n\n<figure class=\"wp-block-image size-large\"><img loading=\"lazy\" decoding=\"async\" width=\"1024\" height=\"683\" src=\"\/wp-content\/uploads\/2023\/12\/IMG_0824red-1-1024x683.jpg\" alt=\"\" class=\"wp-image-28196\" srcset=\"\/wp-content\/uploads\/2023\/12\/IMG_0824red-1-1024x683.jpg 1024w, \/wp-content\/uploads\/2023\/12\/IMG_0824red-1-300x200.jpg 300w, \/wp-content\/uploads\/2023\/12\/IMG_0824red-1-768x512.jpg 768w\" sizes=\"auto, (max-width: 1024px) 100vw, 1024px\" \/><\/figure>\n\n\n\n<p>Korpset tok over igjen den siste bolken med <em>Jeg er s\u00e5 glad hver julekveld, Nordnorsk julesalme <\/em>og  <em>Vinterhamn<\/em> f\u00f8r de avsluttet p\u00e5 sedvanlig vis med h\u00f8ytidelige <em>Deilig er jorden<\/em>. Da kan julen bare komme. <\/p>\n","protected":false},"excerpt":{"rendered":"<p>S\u00f8ndag valgte mange av oss \u00e5 la tradisjon og \u00f8nsket om julestemning trumfe b\u00e5de h\u00e5ndball-finale og United-kamp. Vi fant veien til Bagn Kyrkje og korpsets \u00e5rlige julekonsert. De innledet med Angels we have heard f\u00f8r de inviterte til f\u00f8rste allsang, Det kimer n\u00e5 til julefest. Og med hele S\u00f8r-Aurdalkoret og Vestre Slidre Sanglag p\u00e5 benkene, [&hellip;]<\/p>\n","protected":false},"author":3,"featured_media":28196,"comment_status":"open","ping_status":"open","sticky":false,"template":"","format":"standard","meta":{"footnotes":""},"categories":[224],"tags":[],"class_list":["post-28186","post","type-post","status-publish","format-standard","has-post-thumbnail","hentry","category-bagn-og-begnadalen-musikkorps"],"_links":{"self":[{"href":"https:\/\/bagn.no\/index.php?rest_route=\/wp\/v2\/posts\/28186","targetHints":{"allow":["GET"]}}],"collection":[{"href":"https:\/\/bagn.no\/index.php?rest_route=\/wp\/v2\/posts"}],"about":[{"href":"https:\/\/bagn.no\/index.php?rest_route=\/wp\/v2\/types\/post"}],"author":[{"embeddable":true,"href":"https:\/\/bagn.no\/index.php?rest_route=\/wp\/v2\/users\/3"}],"replies":[{"embeddable":true,"href":"https:\/\/bagn.no\/index.php?rest_route=%2Fwp%2Fv2%2Fcomments&post=28186"}],"version-history":[{"count":0,"href":"https:\/\/bagn.no\/index.php?rest_route=\/wp\/v2\/posts\/28186\/revisions"}],"wp:featuredmedia":[{"embeddable":true,"href":"https:\/\/bagn.no\/index.php?rest_route=\/wp\/v2\/media\/28196"}],"wp:attachment":[{"href":"https:\/\/bagn.no\/index.php?rest_route=%2Fwp%2Fv2%2Fmedia&parent=28186"}],"wp:term":[{"taxonomy":"category","embeddable":true,"href":"https:\/\/bagn.no\/index.php?rest_route=%2Fwp%2Fv2%2Fcategories&post=28186"},{"taxonomy":"post_tag","embeddable":true,"href":"https:\/\/bagn.no\/index.php?rest_route=%2Fwp%2Fv2%2Ftags&post=28186"}],"curies":[{"name":"wp","href":"https:\/\/api.w.org\/{rel}","templated":true}]}}