{"id":27967,"date":"2023-03-26T01:20:05","date_gmt":"2023-03-26T00:20:05","guid":{"rendered":"https:\/\/bagn.no\/?p=27967"},"modified":"2023-03-26T01:20:15","modified_gmt":"2023-03-26T00:20:15","slug":"endelige-resultater-klubbcupen","status":"publish","type":"post","link":"https:\/\/bagn.no\/?p=27967","title":{"rendered":"Endelige resultater klubbcupen"},"content":{"rendered":"\n<p>Klubbrenn-sesongen er over i Bagn IL og Begna IL, og dette ble markert med en fin skidag og premieutdeling p\u00e5 \u00c5semyra l\u00f8rdag.  Her f\u00f8lger resultatlista over klubbcupen 2023.  Mange bilder fra dagen ligger p\u00e5 facebook\/BagnIL. <\/p>\n\n\n\n<p><\/p>\n\n\n\n<div data-wp-interactive=\"core\/file\" class=\"wp-block-file\"><object data-wp-bind--hidden=\"!state.hasPdfPreview\" hidden class=\"wp-block-file__embed\" data=\"https:\/\/bagn.no\/wp-content\/uploads\/2023\/03\/2023-Sammenslagtliste-klubbcup-.pdf\" type=\"application\/pdf\" style=\"width:100%;height:600px\" aria-label=\"Innbygging av 2023-Sammenslagtliste-klubbcup-\"><\/object><a id=\"wp-block-file--media-0a28e8d9-15c1-4176-bfca-fa7b332ac323\" href=\"https:\/\/bagn.no\/wp-content\/uploads\/2023\/03\/2023-Sammenslagtliste-klubbcup-.pdf\">2023-Sammenslagtliste-klubbcup-<\/a><a href=\"https:\/\/bagn.no\/wp-content\/uploads\/2023\/03\/2023-Sammenslagtliste-klubbcup-.pdf\" class=\"wp-block-file__button wp-element-button\" download aria-describedby=\"wp-block-file--media-0a28e8d9-15c1-4176-bfca-fa7b332ac323\">Last ned<\/a><\/div>\n\n\n\n<figure class=\"wp-block-image size-large\"><img loading=\"lazy\" decoding=\"async\" width=\"1024\" height=\"683\" src=\"https:\/\/bagn.no\/wp-content\/uploads\/2023\/03\/2023.03.25-Skiavslutning-Asemyra-517-1024x683.jpg\" alt=\"\" class=\"wp-image-27969\" srcset=\"\/wp-content\/uploads\/2023\/03\/2023.03.25-Skiavslutning-Asemyra-517-1024x683.jpg 1024w, \/wp-content\/uploads\/2023\/03\/2023.03.25-Skiavslutning-Asemyra-517-scaled-600x400.jpg 600w, \/wp-content\/uploads\/2023\/03\/2023.03.25-Skiavslutning-Asemyra-517-300x200.jpg 300w, \/wp-content\/uploads\/2023\/03\/2023.03.25-Skiavslutning-Asemyra-517-768x512.jpg 768w\" sizes=\"auto, (max-width: 1024px) 100vw, 1024px\" \/><figcaption class=\"wp-element-caption\">Jenter f\u00f8dt 2016<\/figcaption><\/figure>\n\n\n\n<figure class=\"wp-block-image size-large\"><img loading=\"lazy\" decoding=\"async\" width=\"683\" height=\"1024\" src=\"https:\/\/bagn.no\/wp-content\/uploads\/2023\/03\/2023.03.25-Skiavslutning-Asemyra-555-683x1024.jpg\" alt=\"\" class=\"wp-image-27970\" srcset=\"\/wp-content\/uploads\/2023\/03\/2023.03.25-Skiavslutning-Asemyra-555-683x1024.jpg 683w, \/wp-content\/uploads\/2023\/03\/2023.03.25-Skiavslutning-Asemyra-555-scaled-600x900.jpg 600w, \/wp-content\/uploads\/2023\/03\/2023.03.25-Skiavslutning-Asemyra-555-200x300.jpg 200w, \/wp-content\/uploads\/2023\/03\/2023.03.25-Skiavslutning-Asemyra-555-768x1152.jpg 768w, \/wp-content\/uploads\/2023\/03\/2023.03.25-Skiavslutning-Asemyra-555-scaled.jpg 1707w\" sizes=\"auto, (max-width: 683px) 100vw, 683px\" \/><figcaption class=\"wp-element-caption\">Gutter og jenter f\u00f8dt 2014<\/figcaption><\/figure>\n","protected":false},"excerpt":{"rendered":"<p>Klubbrenn-sesongen er over i Bagn IL og Begna IL, og dette ble markert med en fin skidag og premieutdeling p\u00e5 \u00c5semyra l\u00f8rdag. Her f\u00f8lger resultatlista over klubbcupen 2023. Mange bilder fra dagen ligger p\u00e5 facebook\/BagnIL.<\/p>\n","protected":false},"author":3,"featured_media":27971,"comment_status":"open","ping_status":"open","sticky":false,"template":"","format":"standard","meta":{"footnotes":""},"categories":[67,138],"tags":[],"class_list":["post-27967","post","type-post","status-publish","format-standard","has-post-thumbnail","hentry","category-bagn-il","category-begna-il"],"_links":{"self":[{"href":"https:\/\/bagn.no\/index.php?rest_route=\/wp\/v2\/posts\/27967","targetHints":{"allow":["GET"]}}],"collection":[{"href":"https:\/\/bagn.no\/index.php?rest_route=\/wp\/v2\/posts"}],"about":[{"href":"https:\/\/bagn.no\/index.php?rest_route=\/wp\/v2\/types\/post"}],"author":[{"embeddable":true,"href":"https:\/\/bagn.no\/index.php?rest_route=\/wp\/v2\/users\/3"}],"replies":[{"embeddable":true,"href":"https:\/\/bagn.no\/index.php?rest_route=%2Fwp%2Fv2%2Fcomments&post=27967"}],"version-history":[{"count":0,"href":"https:\/\/bagn.no\/index.php?rest_route=\/wp\/v2\/posts\/27967\/revisions"}],"wp:featuredmedia":[{"embeddable":true,"href":"https:\/\/bagn.no\/index.php?rest_route=\/wp\/v2\/media\/27971"}],"wp:attachment":[{"href":"https:\/\/bagn.no\/index.php?rest_route=%2Fwp%2Fv2%2Fmedia&parent=27967"}],"wp:term":[{"taxonomy":"category","embeddable":true,"href":"https:\/\/bagn.no\/index.php?rest_route=%2Fwp%2Fv2%2Fcategories&post=27967"},{"taxonomy":"post_tag","embeddable":true,"href":"https:\/\/bagn.no\/index.php?rest_route=%2Fwp%2Fv2%2Ftags&post=27967"}],"curies":[{"name":"wp","href":"https:\/\/api.w.org\/{rel}","templated":true}]}}