{"id":27713,"date":"2022-04-03T14:18:08","date_gmt":"2022-04-03T12:18:08","guid":{"rendered":"https:\/\/bagn.no\/?p=27713"},"modified":"2022-04-03T14:21:23","modified_gmt":"2022-04-03T12:21:23","slug":"frivillighetens-dag-i-hallen","status":"publish","type":"post","link":"https:\/\/bagn.no\/?p=27713","title":{"rendered":"Frivillighetens dag i hallen"},"content":{"rendered":"\n<p>Frivillighetens \u00e5r 2022 ble markert med en Frivillighetens dag p\u00e5 Bagn i S\u00f8r-Aurdalshallen l\u00f8rdag.  Det var imponerende god oppslutning om dagen der over 40 lag, stiftelser og organisasjoner viste seg frem.  N\u00e5r alle er samlet slik,  ser man at det er mange muligheter for \u00e5 engasjere seg i ulikt hjelpearbeid, fritidsaktiviteter, treningsformer mm. Primus motor, Eli Torp, har gjort en kjempejobb med \u00e5 organisere dagen, og hun var str\u00e5lende forn\u00f8yd med arrangementet og alle positive tilbakemeldinger. Folk syntes det var godt \u00e5 m\u00f8tes igjen og f\u00e5 vist fram hva de driver med.  Ordf\u00f8rer Marit holdt en velkomsttale der hun blant minnet om at frivillig arbeid handler om \u00e5 gi av oss selv om bry oss om hverandre og hun undret seg over hvordan vi skulle klart livet om alt bare skulle v\u00e6rt regnet i kroner og \u00f8re.  Dugnad er et godt ord i frivilligheten. Det betyr hjelp, st\u00f8tte eller dyd og handler alts\u00e5 om \u00e5 f\u00e5 samfunnet til \u00e5 fungere.  Og Marit sp\u00f8r seg hva S\u00f8r-Aurdal hadde v\u00e6rt uten frivilligheten og dugnadsinnsatsen.  Mye fattigere! Hun h\u00e5per og tror at frivilligheten og organisasjonslivet vil fortsette \u00e5 leve og \u00e5nde videre inn i framtida, for det \u00e5 virke sammen i et fellesskap gir oss alle veldig mye igjen i andre enden.  <\/p>\n\n\n\n<figure class=\"wp-block-image size-large\"><img decoding=\"async\" src=\"https:\/\/bagn.no\/wp-content\/uploads\/2022\/04\/seniordans-1024x683.jpg\" alt=\"\" class=\"wp-image-27714\"\/><figcaption>Seniordansen viste seg frem og vervet trolig mange nye medlemmer<\/figcaption><\/figure>\n\n\n\n<figure class=\"wp-block-image size-large\"><img loading=\"lazy\" decoding=\"async\" width=\"1024\" height=\"683\" src=\"https:\/\/bagn.no\/wp-content\/uploads\/2022\/04\/barnelag-Korvett-og-Ope-1024x683.jpg\" alt=\"\" class=\"wp-image-27715\" srcset=\"\/wp-content\/uploads\/2022\/04\/barnelag-Korvett-og-Ope-1024x683.jpg 1024w, \/wp-content\/uploads\/2022\/04\/barnelag-Korvett-og-Ope-600x400.jpg 600w, \/wp-content\/uploads\/2022\/04\/barnelag-Korvett-og-Ope-300x200.jpg 300w, \/wp-content\/uploads\/2022\/04\/barnelag-Korvett-og-Ope-768x512.jpg 768w\" sizes=\"auto, (max-width: 1024px) 100vw, 1024px\" \/><figcaption>Barnelaget Stjernen, Korvetten og \u00d8pe Hus samles p\u00e5 bedehuset, og var samlet p\u00e5 \u00e9n stand som Turid, Sigrun og Tore tok ansvar for.<\/figcaption><\/figure>\n\n\n\n<figure class=\"wp-block-image size-large\"><img decoding=\"async\" src=\"https:\/\/bagn.no\/wp-content\/uploads\/2022\/04\/rode-kors2-1024x683.jpg\" alt=\"\" class=\"wp-image-27716\"\/><figcaption>R\u00f8de Kors har flere underavdelinger, og var godt representert b\u00e5de i og utenfor hallen.<\/figcaption><\/figure>\n\n\n\n<figure class=\"wp-block-image size-large\"><img decoding=\"async\" src=\"https:\/\/bagn.no\/wp-content\/uploads\/2022\/04\/motor-1024x683.jpg\" alt=\"\" class=\"wp-image-27717\"\/><figcaption>Eskild og Tuva var blant flere som representerte den sv\u00e6rt popul\u00e6re og voksende Valdres Motorsportklubb<\/figcaption><\/figure>\n\n\n\n<figure class=\"wp-block-image size-large\"><img loading=\"lazy\" decoding=\"async\" width=\"1024\" height=\"683\" src=\"https:\/\/bagn.no\/wp-content\/uploads\/2022\/04\/bagn-il2-1024x683.jpg\" alt=\"\" class=\"wp-image-27718\" srcset=\"\/wp-content\/uploads\/2022\/04\/bagn-il2-1024x683.jpg 1024w, \/wp-content\/uploads\/2022\/04\/bagn-il2-600x400.jpg 600w, \/wp-content\/uploads\/2022\/04\/bagn-il2-300x200.jpg 300w, \/wp-content\/uploads\/2022\/04\/bagn-il2-768x512.jpg 768w\" sizes=\"auto, (max-width: 1024px) 100vw, 1024px\" \/><figcaption>Bagn IL tilbyr mange aktiviteter.  Her assisterer Nadine og Holger klatring, mens sjefen sj\u00f8l, Steinar, viste tegninger og fortalte om\/ba om innspill til videreutviklingen av Fossvang og -bygget.<\/figcaption><\/figure>\n\n\n\n<figure class=\"wp-block-image size-large\"><img decoding=\"async\" src=\"https:\/\/bagn.no\/wp-content\/uploads\/2022\/04\/musikkorpset-1024x683.jpg\" alt=\"\" class=\"wp-image-27719\"\/><figcaption>Musikkorpsene presenterte seg og Gunhild, Marianne og Sigrid fikk forh\u00e5pentligvis vervet flere medlemmer s\u00e5 17.mai-stemningen blir sikret fremover.<\/figcaption><\/figure>\n","protected":false},"excerpt":{"rendered":"<p>Frivillighetens \u00e5r 2022 ble markert med en Frivillighetens dag p\u00e5 Bagn i S\u00f8r-Aurdalshallen l\u00f8rdag. Det var imponerende god oppslutning om dagen der over 40 lag, stiftelser og organisasjoner viste seg frem. N\u00e5r alle er samlet slik, ser man at det er mange muligheter for \u00e5 engasjere seg i ulikt hjelpearbeid, fritidsaktiviteter, treningsformer mm. Primus motor, [&hellip;]<\/p>\n","protected":false},"author":3,"featured_media":27720,"comment_status":"open","ping_status":"open","sticky":false,"template":"","format":"standard","meta":{"footnotes":""},"categories":[71,81,186],"tags":[],"class_list":["post-27713","post","type-post","status-publish","format-standard","has-post-thumbnail","hentry","category-bygdeutviklingsprosjektet","category-lag-og-foreninger","category-sor-aurdalshallen"],"_links":{"self":[{"href":"https:\/\/bagn.no\/index.php?rest_route=\/wp\/v2\/posts\/27713","targetHints":{"allow":["GET"]}}],"collection":[{"href":"https:\/\/bagn.no\/index.php?rest_route=\/wp\/v2\/posts"}],"about":[{"href":"https:\/\/bagn.no\/index.php?rest_route=\/wp\/v2\/types\/post"}],"author":[{"embeddable":true,"href":"https:\/\/bagn.no\/index.php?rest_route=\/wp\/v2\/users\/3"}],"replies":[{"embeddable":true,"href":"https:\/\/bagn.no\/index.php?rest_route=%2Fwp%2Fv2%2Fcomments&post=27713"}],"version-history":[{"count":0,"href":"https:\/\/bagn.no\/index.php?rest_route=\/wp\/v2\/posts\/27713\/revisions"}],"wp:featuredmedia":[{"embeddable":true,"href":"https:\/\/bagn.no\/index.php?rest_route=\/wp\/v2\/media\/27720"}],"wp:attachment":[{"href":"https:\/\/bagn.no\/index.php?rest_route=%2Fwp%2Fv2%2Fmedia&parent=27713"}],"wp:term":[{"taxonomy":"category","embeddable":true,"href":"https:\/\/bagn.no\/index.php?rest_route=%2Fwp%2Fv2%2Fcategories&post=27713"},{"taxonomy":"post_tag","embeddable":true,"href":"https:\/\/bagn.no\/index.php?rest_route=%2Fwp%2Fv2%2Ftags&post=27713"}],"curies":[{"name":"wp","href":"https:\/\/api.w.org\/{rel}","templated":true}]}}