{"id":27635,"date":"2022-01-10T10:29:57","date_gmt":"2022-01-10T09:29:57","guid":{"rendered":"https:\/\/bagn.no\/?p=27635"},"modified":"2022-01-10T10:40:01","modified_gmt":"2022-01-10T09:40:01","slug":"skisesongen-starter-med-skileik-og-klubbrenn","status":"publish","type":"post","link":"https:\/\/bagn.no\/?p=27635","title":{"rendered":"Skisesongen starter med skileik og klubbrenn"},"content":{"rendered":"\n<p>Det er klart for ny sesong med skirenn og skiglede. Skigruppene i Bagn, Begna og Begnadalen IL har felles klubbcup med skirenn p\u00e5 lysl\u00f8ypene p\u00e5 Leirskogen og \u00c5semyra. Renn annenhver uke p\u00e5 Leirskogen og \u00c5semyra. Rennstart kl. 18.15 for de uten tidtaking, og kl. 18.30 med tid. For alle som er f\u00f8dt fra og med 2011 er det ogs\u00e5 tilbud om 0-l\u00f8p. Alle oppfordres om \u00e5 delta.<\/p>\n\n\n\n<p>Skileik\/skitrening\/skimoro med Vetle og Jostein er p\u00e5 mandager kl 18-19. (se spond for tid og sted) Mandag 10. januar er det p\u00e5 \u00c5semyra kl 18-19.<\/p>\n\n\n\n<p>Appen Spond brukes til p\u00e5melding og informasjon b\u00e5de me dklubbrenn og skileik.. Om folk er flinke til \u00e5 melde seg p\u00e5\/av skileik\/klubbrenn forenkles arrangementene betydelig. S\u00f8k opp gruppen SKI med koden ZFRYF (om du ikke allerede er registert). Ta kontakt om du trenger hjelp. <a href=\"https:\/\/club.spond.com\/landing\/signup\/bagnil\">Innmeldingsskjema for Bagn idrettslag (spond.com)<\/a><\/p>\n\n\n\n<p>Vedlagt er mer informasjon om sesongen samt terminlista. (kan bli endringer)<\/p>\n\n\n\n<p><\/p>\n\n\n\n<figure class=\"wp-block-table\"><table><tbody><tr><td><strong>Dag<\/strong><\/td><td><strong>Dato<\/strong><strong><\/strong><\/td><td><strong>Sted<\/strong><strong><\/strong><\/td><td><strong>Status<\/strong><strong><\/strong><\/td><td><strong>Stilart<\/strong><strong><\/strong><\/td><\/tr><tr><td><a>On<\/a><\/td><td>12.jan<\/td><td>\u00c5semyra<\/td><td>Klubbrenn<\/td><td>Fri<\/td><\/tr><tr><td>On<\/td><td>19. jan<\/td><td>Leirskogen<\/td><td>Klubbrenn<\/td><td>Fri<\/td><\/tr><tr><td>On<\/td><td>26.jan<\/td><td>\u00c5semyra<\/td><td>Klubbrenn<\/td><td>Klassisk<\/td><\/tr><tr><td>On<\/td><td>2.feb<\/td><td>Leirskogen<\/td><td>Telenorkarusell<\/td><td>Fri \/Langrennscross<\/td><\/tr><tr><td>On<\/td><td>9.feb<\/td><td>\u00c5semyra<\/td><td>Telenorkarusell<\/td><td>Fri \/Langrennscross<\/td><\/tr><tr><td>On<\/td><td>16.feb<\/td><td>Leirskogen<\/td><td>Klubbrenn<\/td><td>Klassisk<\/td><\/tr><tr><td>On<\/td><td>23.feb<\/td><td>\u00c5semyra<\/td><td>Telenorkarusell Premiering Telenor<\/td><td>Fri \/Langrennscross<\/td><\/tr><tr><td>Uke<\/td><td>9<\/td><td>&nbsp;<\/td><td>Vinterferie<\/td><td>&nbsp;<\/td><\/tr><tr><td>On<\/td><td>9.mars<\/td><td>Leirskogen<\/td><td>Klubbrenn<\/td><td>Fri<\/td><\/tr><tr><td>On<\/td><td>16.mars<\/td><td>\u00c5semyra<\/td><td>Klubbrenn<\/td><td>Stafett\/Fri \/To mannslag<\/td><\/tr><tr><td><strong>L\u00f8r<\/strong><\/td><td><strong>19.mars<\/strong><\/td><td><strong>\u00c5semyra<\/strong><\/td><td><strong>SPB1 VM skistafett<\/strong><\/td><td><strong>Fri<\/strong><\/td><\/tr><tr><td>On<\/td><td>23.mars<\/td><td>Leirskogen<\/td><td>Klubbrenn<\/td><td>Fri<\/td><\/tr><tr><td><strong>S\u00f8<\/strong> <strong>&nbsp;<\/strong><\/td><td><strong>3.april<\/strong><\/td><td><strong>Leirskogen<\/strong><\/td><td><strong>Klubbmesterskap<\/strong> <strong>Premiering klubbcup<\/strong><\/td><td><strong>Null-l\u00f8p Fri<\/strong><\/td><\/tr><\/tbody><\/table><\/figure>\n\n\n\n<p>Kongsvegl\u00f8pet g\u00e5r 13. mars i klassisk stil fra Hellebekken til \u00c5semyra. Se www.kongsvegtrippelen.no<\/p>\n\n\n\n<p>F\u00f8lg idrettslagene p\u00e5 Facebook og instagram<\/p>\n\n\n\n<p><\/p>\n\n\n\n<h1 class=\"wp-block-heading\">&nbsp;<\/h1>\n\n\n\n<div data-wp-interactive=\"core\/file\" class=\"wp-block-file\"><object data-wp-bind--hidden=\"!state.hasPdfPreview\" hidden class=\"wp-block-file__embed\" data=\"https:\/\/bagn.no\/wp-content\/uploads\/2022\/01\/Terminliste-2022.pdf\" type=\"application\/pdf\" style=\"width:100%;height:600px\" aria-label=\"Innbygging av Innbygging av Terminliste-2022\"><\/object><a href=\"https:\/\/bagn.no\/wp-content\/uploads\/2022\/01\/Terminliste-2022.pdf\">Terminliste-2022<\/a><a href=\"https:\/\/bagn.no\/wp-content\/uploads\/2022\/01\/Terminliste-2022.pdf\" class=\"wp-block-file__button\" download>Last ned<\/a><\/div>\n","protected":false},"excerpt":{"rendered":"<p>Det er klart for ny sesong med skirenn og skiglede. Skigruppene i Bagn, Begna og Begnadalen IL har felles klubbcup med skirenn p\u00e5 lysl\u00f8ypene p\u00e5 Leirskogen og \u00c5semyra. Renn annenhver uke p\u00e5 Leirskogen og \u00c5semyra. Rennstart kl. 18.15 for de uten tidtaking, og kl. 18.30 med tid. For alle som er f\u00f8dt fra og med [&hellip;]<\/p>\n","protected":false},"author":22,"featured_media":26623,"comment_status":"open","ping_status":"open","sticky":false,"template":"","format":"standard","meta":{"footnotes":""},"categories":[67,138,137],"tags":[],"class_list":["post-27635","post","type-post","status-publish","format-standard","has-post-thumbnail","hentry","category-bagn-il","category-begna-il","category-begnadalen-il"],"_links":{"self":[{"href":"https:\/\/bagn.no\/index.php?rest_route=\/wp\/v2\/posts\/27635","targetHints":{"allow":["GET"]}}],"collection":[{"href":"https:\/\/bagn.no\/index.php?rest_route=\/wp\/v2\/posts"}],"about":[{"href":"https:\/\/bagn.no\/index.php?rest_route=\/wp\/v2\/types\/post"}],"author":[{"embeddable":true,"href":"https:\/\/bagn.no\/index.php?rest_route=\/wp\/v2\/users\/22"}],"replies":[{"embeddable":true,"href":"https:\/\/bagn.no\/index.php?rest_route=%2Fwp%2Fv2%2Fcomments&post=27635"}],"version-history":[{"count":0,"href":"https:\/\/bagn.no\/index.php?rest_route=\/wp\/v2\/posts\/27635\/revisions"}],"wp:featuredmedia":[{"embeddable":true,"href":"https:\/\/bagn.no\/index.php?rest_route=\/wp\/v2\/media\/26623"}],"wp:attachment":[{"href":"https:\/\/bagn.no\/index.php?rest_route=%2Fwp%2Fv2%2Fmedia&parent=27635"}],"wp:term":[{"taxonomy":"category","embeddable":true,"href":"https:\/\/bagn.no\/index.php?rest_route=%2Fwp%2Fv2%2Fcategories&post=27635"},{"taxonomy":"post_tag","embeddable":true,"href":"https:\/\/bagn.no\/index.php?rest_route=%2Fwp%2Fv2%2Ftags&post=27635"}],"curies":[{"name":"wp","href":"https:\/\/api.w.org\/{rel}","templated":true}]}}