{"id":27049,"date":"2020-12-20T17:17:02","date_gmt":"2020-12-20T16:17:02","guid":{"rendered":"http:\/\/bagn.no\/?p=27049"},"modified":"2020-12-20T17:20:44","modified_gmt":"2020-12-20T16:20:44","slug":"julekonsert-med-musikkorpset-sondag-kl-2030","status":"publish","type":"post","link":"https:\/\/bagn.no\/?p=27049","title":{"rendered":"Julekonsert med musikkorpset &#8211; S\u00f8ndag kl 2030"},"content":{"rendered":"\n<p>Siden musikkorpset ikke f\u00e5r spilt \u00ablive\u00bbjulekonsert for n\u00e5 i korona-\u00e5ret 2020, s\u00e5 har de lagd en digital julekonsert\u00a0<img loading=\"lazy\" decoding=\"async\" height=\"16\" width=\"16\" alt=\"&#x1f60a;\" src=\"https:\/\/static.xx.fbcdn.net\/images\/emoji.php\/v9\/t7f\/1\/16\/1f60a.png\"><img loading=\"lazy\" decoding=\"async\" height=\"16\" width=\"16\" alt=\"&#x1f3ba;\" src=\"https:\/\/static.xx.fbcdn.net\/images\/emoji.php\/v9\/tca\/1\/16\/1f3ba.png\"><img loading=\"lazy\" decoding=\"async\" height=\"16\" width=\"16\" alt=\"&#x1f941;\" src=\"https:\/\/static.xx.fbcdn.net\/images\/emoji.php\/v9\/t8e\/1\/16\/1f941.png\"><br>Denne sendes p\u00e5 facebooksiden til musikkorpset fra kl 2030. Konserten er far S\u00f8r-Aurdalshallen og den er gratis \u00e5 f\u00f8lge. Korpset setter nok likevel pris p\u00e5 en liten p\u00e5skj\u00f8nnelse via <strong><em>VIPPS Nr 514427<\/em><\/strong> for de som \u00f8nsker det<\/p>\n\n\n\n<p>Konserten finner du blant annet p\u00e5 denne linken <a href=\"https:\/\/www.facebook.com\/events\/320894112317453\/\" target=\"_blank\" rel=\"noreferrer noopener\">https:\/\/www.facebook.com\/events\/320894112317453\/<\/a><\/p>\n\n\n\n<figure class=\"wp-block-image size-large\"><img loading=\"lazy\" decoding=\"async\" width=\"960\" height=\"444\" src=\"http:\/\/bagn.no\/wp-content\/uploads\/2020\/12\/Julekonsertmusikkorpset.jpg\" alt=\"\" class=\"wp-image-27050\" srcset=\"\/wp-content\/uploads\/2020\/12\/Julekonsertmusikkorpset.jpg 960w, \/wp-content\/uploads\/2020\/12\/Julekonsertmusikkorpset-600x278.jpg 600w, \/wp-content\/uploads\/2020\/12\/Julekonsertmusikkorpset-300x139.jpg 300w, \/wp-content\/uploads\/2020\/12\/Julekonsertmusikkorpset-768x355.jpg 768w\" sizes=\"auto, (max-width: 960px) 100vw, 960px\" \/><\/figure>\n","protected":false},"excerpt":{"rendered":"<p>Siden musikkorpset ikke f\u00e5r spilt \u00ablive\u00bbjulekonsert for n\u00e5 i korona-\u00e5ret 2020, s\u00e5 har de lagd en digital julekonsert\u00a0Denne sendes p\u00e5 facebooksiden til musikkorpset fra kl 2030. Konserten er far S\u00f8r-Aurdalshallen og den er gratis \u00e5 f\u00f8lge. Korpset setter nok likevel pris p\u00e5 en liten p\u00e5skj\u00f8nnelse via VIPPS Nr 514427 for de som \u00f8nsker det Konserten [&hellip;]<\/p>\n","protected":false},"author":11,"featured_media":27051,"comment_status":"open","ping_status":"open","sticky":false,"template":"","format":"standard","meta":{"footnotes":""},"categories":[156,186],"tags":[],"class_list":["post-27049","post","type-post","status-publish","format-standard","has-post-thumbnail","hentry","category-bagn-musikkorps","category-sor-aurdalshallen"],"_links":{"self":[{"href":"https:\/\/bagn.no\/index.php?rest_route=\/wp\/v2\/posts\/27049","targetHints":{"allow":["GET"]}}],"collection":[{"href":"https:\/\/bagn.no\/index.php?rest_route=\/wp\/v2\/posts"}],"about":[{"href":"https:\/\/bagn.no\/index.php?rest_route=\/wp\/v2\/types\/post"}],"author":[{"embeddable":true,"href":"https:\/\/bagn.no\/index.php?rest_route=\/wp\/v2\/users\/11"}],"replies":[{"embeddable":true,"href":"https:\/\/bagn.no\/index.php?rest_route=%2Fwp%2Fv2%2Fcomments&post=27049"}],"version-history":[{"count":0,"href":"https:\/\/bagn.no\/index.php?rest_route=\/wp\/v2\/posts\/27049\/revisions"}],"wp:featuredmedia":[{"embeddable":true,"href":"https:\/\/bagn.no\/index.php?rest_route=\/wp\/v2\/media\/27051"}],"wp:attachment":[{"href":"https:\/\/bagn.no\/index.php?rest_route=%2Fwp%2Fv2%2Fmedia&parent=27049"}],"wp:term":[{"taxonomy":"category","embeddable":true,"href":"https:\/\/bagn.no\/index.php?rest_route=%2Fwp%2Fv2%2Fcategories&post=27049"},{"taxonomy":"post_tag","embeddable":true,"href":"https:\/\/bagn.no\/index.php?rest_route=%2Fwp%2Fv2%2Ftags&post=27049"}],"curies":[{"name":"wp","href":"https:\/\/api.w.org\/{rel}","templated":true}]}}