{"id":27009,"date":"2020-11-05T13:06:48","date_gmt":"2020-11-05T12:06:48","guid":{"rendered":"http:\/\/bagn.no\/?p=27009"},"modified":"2020-11-10T11:11:27","modified_gmt":"2020-11-10T10:11:27","slug":"ny-kinokveld-18-november","status":"publish","type":"post","link":"https:\/\/bagn.no\/?p=27009","title":{"rendered":"Ny kinokveld 18.november"},"content":{"rendered":"\n<p>Bygdekinoen bes\u00f8ker S\u00f8r-Aurdalshallen igjen.  Onsdag 18.november vises barnefilmen Jul p\u00e5 Kutoppen kl. 18 og \u00e5rets store julekomedie Gledelig jul, med bl.a. Otto Jespersen, kl. 20.  Sett av onsdag 18\/11. <\/p>\n\n\n\n<p>Billetter m\u00e5 kj\u00f8pes p\u00e5 bygdekinoens hjemmesider p\u00e5 forh\u00e5nd . (ingen salg av billetter i &laquo;d\u00f8ra&raquo;) <\/p>\n\n\n\n<p><a href=\"https:\/\/www.bygdekinoen.no\/kino\/521\/S%C3%B8r-Aurdalhallen,%20Bagn\/\" target=\"_blank\" rel=\"noreferrer noopener\">https:\/\/www.bygdekinoen.no\/kino\/521\/S%C3%B8r-Aurdalhallen,%20Bagn\/<\/a><\/p>\n\n\n\n<figure class=\"wp-block-image size-large\"><img loading=\"lazy\" decoding=\"async\" width=\"724\" height=\"1024\" src=\"http:\/\/bagn.no\/wp-content\/uploads\/2020\/11\/bygdekino-18november-bilde-724x1024.jpg\" alt=\"\" class=\"wp-image-27010\" srcset=\"\/wp-content\/uploads\/2020\/11\/bygdekino-18november-bilde-724x1024.jpg 724w, \/wp-content\/uploads\/2020\/11\/bygdekino-18november-bilde-600x849.jpg 600w, \/wp-content\/uploads\/2020\/11\/bygdekino-18november-bilde-212x300.jpg 212w, \/wp-content\/uploads\/2020\/11\/bygdekino-18november-bilde-768x1086.jpg 768w, \/wp-content\/uploads\/2020\/11\/bygdekino-18november-bilde.jpg 1754w\" sizes=\"auto, (max-width: 724px) 100vw, 724px\" \/><\/figure>\n\n\n\n<p><\/p>\n","protected":false},"excerpt":{"rendered":"<p>Bygdekinoen bes\u00f8ker S\u00f8r-Aurdalshallen igjen. Onsdag 18.november vises barnefilmen Jul p\u00e5 Kutoppen kl. 18 og \u00e5rets store julekomedie Gledelig jul, med bl.a. Otto Jespersen, kl. 20. Sett av onsdag 18\/11. Billetter m\u00e5 kj\u00f8pes p\u00e5 bygdekinoens hjemmesider p\u00e5 forh\u00e5nd . (ingen salg av billetter i &laquo;d\u00f8ra&raquo;) https:\/\/www.bygdekinoen.no\/kino\/521\/S%C3%B8r-Aurdalhallen,%20Bagn\/<\/p>\n","protected":false},"author":3,"featured_media":27011,"comment_status":"open","ping_status":"open","sticky":false,"template":"","format":"standard","meta":{"footnotes":""},"categories":[78,186],"tags":[183,185],"class_list":["post-27009","post","type-post","status-publish","format-standard","has-post-thumbnail","hentry","category-kultur","category-sor-aurdalshallen","tag-bygdekino","tag-sor-aurdalshallen"],"_links":{"self":[{"href":"https:\/\/bagn.no\/index.php?rest_route=\/wp\/v2\/posts\/27009","targetHints":{"allow":["GET"]}}],"collection":[{"href":"https:\/\/bagn.no\/index.php?rest_route=\/wp\/v2\/posts"}],"about":[{"href":"https:\/\/bagn.no\/index.php?rest_route=\/wp\/v2\/types\/post"}],"author":[{"embeddable":true,"href":"https:\/\/bagn.no\/index.php?rest_route=\/wp\/v2\/users\/3"}],"replies":[{"embeddable":true,"href":"https:\/\/bagn.no\/index.php?rest_route=%2Fwp%2Fv2%2Fcomments&post=27009"}],"version-history":[{"count":0,"href":"https:\/\/bagn.no\/index.php?rest_route=\/wp\/v2\/posts\/27009\/revisions"}],"wp:featuredmedia":[{"embeddable":true,"href":"https:\/\/bagn.no\/index.php?rest_route=\/wp\/v2\/media\/27011"}],"wp:attachment":[{"href":"https:\/\/bagn.no\/index.php?rest_route=%2Fwp%2Fv2%2Fmedia&parent=27009"}],"wp:term":[{"taxonomy":"category","embeddable":true,"href":"https:\/\/bagn.no\/index.php?rest_route=%2Fwp%2Fv2%2Fcategories&post=27009"},{"taxonomy":"post_tag","embeddable":true,"href":"https:\/\/bagn.no\/index.php?rest_route=%2Fwp%2Fv2%2Ftags&post=27009"}],"curies":[{"name":"wp","href":"https:\/\/api.w.org\/{rel}","templated":true}]}}