{"id":26563,"date":"2020-01-25T18:32:28","date_gmt":"2020-01-25T17:32:28","guid":{"rendered":"http:\/\/bagn.no\/?p=26563"},"modified":"2020-01-25T18:32:31","modified_gmt":"2020-01-25T17:32:31","slug":"bolystprosjektet-noen-refleksjoner","status":"publish","type":"post","link":"https:\/\/bagn.no\/?p=26563","title":{"rendered":"Bolystprosjektet \u2013 noen refleksjoner"},"content":{"rendered":"\n<figure class=\"wp-block-image size-medium\"><img loading=\"lazy\" decoding=\"async\" width=\"300\" height=\"225\" src=\"http:\/\/bagn.no\/wp-content\/uploads\/2019\/11\/Boklansering-06.12.17-012-300x225.jpg\" alt=\"\" class=\"wp-image-26454\" srcset=\"\/wp-content\/uploads\/2019\/11\/Boklansering-06.12.17-012-300x225.jpg 300w, \/wp-content\/uploads\/2019\/11\/Boklansering-06.12.17-012-600x450.jpg 600w, \/wp-content\/uploads\/2019\/11\/Boklansering-06.12.17-012-768x576.jpg 768w, \/wp-content\/uploads\/2019\/11\/Boklansering-06.12.17-012-1024x768.jpg 1024w\" sizes=\"auto, (max-width: 300px) 100vw, 300px\" \/><\/figure>\n\n\n\n<p>Siden valget i\nseptember har jeg gradvis f\u00e5tt noe informasjon om Bolyst prosjektet, og dette\nhar skapt forventninger. Etter \u00e5 ha lest saksdokumentene f\u00f8r kommunestyrem\u00f8tet\n23.01.20, har forventningene mine blitt enda st\u00f8rre til dette prosjektet som\nble vedtatt p\u00e5 dette m\u00f8tet.<\/p>\n\n\n\n<p>Dette handler om \u00e5 systematisk\nbekjempe v\u00e5r alles felles fiende i S\u00f8r- Aurdal kommune, nemlig\nbefolkningsnedgangen. Jeg tar det for gitt at alle st\u00f8tter opp om dette sv\u00e6rt\nviktige prosjektet slik at prosjektgruppa og prosjektleder f\u00e5r positive og\nkreative innspill til arbeidet. Kritiske sp\u00f8rsm\u00e5l er selvsagt en del av dette,\nog blir viktig for at hvert tiltak blir kvalitetssikret.<\/p>\n\n\n\n<p>Prosjektgruppa er\nvalgt, men den kan utvides. Det er sv\u00e6rt viktig at alle bygdene i kommunen er\nrepresentert i gruppa slik at alle er medeiere i prosjektet. Prosjektet er\nforel\u00f8pig planlagt for 3 \u00e5r der arbeidsm\u00e5lene for hvert \u00e5r er definert. H\u00e5pet\ner at man skal lykkes s\u00e5 godt i dette arbeidet at det blir en varig struktur i\nS\u00f8r-Aurdal med et tett samarbeid mellom kommunen og n\u00e6ringslivet<\/p>\n\n\n\n<p>At Kjell Eriksen skal\nv\u00e6re prosjektleder i oppstartfasen er jeg meget godt forn\u00f8yd med. Han har jeg\nl\u00e6rt \u00e5 kjenne som en innovativ person med mange konstruktive ideer. Eriksen har\narbeidet med prosjekter i sv\u00e6rt mange \u00e5r. Jeg har dessuten et inntrykk av at\nprosjektgruppa har v\u00e6rt drevet med stor entusiasme. Jeg var tilstede p\u00e5 et m\u00f8te\nnylig sammen med to i prosjektgruppa da det tikket inn sms med info om at 6000\nkr hadde kommet inn fra n\u00e6ringslivet. Da ble det veivet med h\u00e5nda akkurat som\nn\u00e5r Johaug vinner en distanse. Forresten var det kommet inn kr. 117.000 fra\nn\u00e6ringslivet pr.23.01.20, og flere tunge akt\u00f8rer er ventet \u00e5 bidra i tillegg !<\/p>\n\n\n\n<p>Avslutningsvis tenker\njeg at vi alle m\u00e5 engasjere oss i dette, og ikke n\u00f8le med \u00e5 spille inn ideer vi\nhar til prosjektgruppa og prosjektleder. Dette er det desidert viktigste\nprosjektet i kommunen, og gode resultater vil f\u00e5 helt avgj\u00f8rende betydning for\nframtidig handlekraft for kommune og for n\u00e6ringslivet.<\/p>\n\n\n\n<p>Bagn, 24.01.20<\/p>\n\n\n\n<p> Finn Olav Teslo, representant i kommunestyret for AP. <\/p>\n\n\n\n<p><\/p>\n\n\n\n<p><\/p>\n","protected":false},"excerpt":{"rendered":"<p>Siden valget i september har jeg gradvis f\u00e5tt noe informasjon om Bolyst prosjektet, og dette har skapt forventninger. Etter \u00e5 ha lest saksdokumentene f\u00f8r kommunestyrem\u00f8tet 23.01.20, har forventningene mine blitt enda st\u00f8rre til dette prosjektet som ble vedtatt p\u00e5 dette m\u00f8tet. Dette handler om \u00e5 systematisk bekjempe v\u00e5r alles felles fiende i S\u00f8r- Aurdal kommune, [&hellip;]<\/p>\n","protected":false},"author":3,"featured_media":26454,"comment_status":"open","ping_status":"open","sticky":false,"template":"","format":"standard","meta":{"footnotes":""},"categories":[146,85],"tags":[],"class_list":["post-26563","post","type-post","status-publish","format-standard","has-post-thumbnail","hentry","category-leserinnlegg","category-politikk"],"_links":{"self":[{"href":"https:\/\/bagn.no\/index.php?rest_route=\/wp\/v2\/posts\/26563","targetHints":{"allow":["GET"]}}],"collection":[{"href":"https:\/\/bagn.no\/index.php?rest_route=\/wp\/v2\/posts"}],"about":[{"href":"https:\/\/bagn.no\/index.php?rest_route=\/wp\/v2\/types\/post"}],"author":[{"embeddable":true,"href":"https:\/\/bagn.no\/index.php?rest_route=\/wp\/v2\/users\/3"}],"replies":[{"embeddable":true,"href":"https:\/\/bagn.no\/index.php?rest_route=%2Fwp%2Fv2%2Fcomments&post=26563"}],"version-history":[{"count":0,"href":"https:\/\/bagn.no\/index.php?rest_route=\/wp\/v2\/posts\/26563\/revisions"}],"wp:featuredmedia":[{"embeddable":true,"href":"https:\/\/bagn.no\/index.php?rest_route=\/wp\/v2\/media\/26454"}],"wp:attachment":[{"href":"https:\/\/bagn.no\/index.php?rest_route=%2Fwp%2Fv2%2Fmedia&parent=26563"}],"wp:term":[{"taxonomy":"category","embeddable":true,"href":"https:\/\/bagn.no\/index.php?rest_route=%2Fwp%2Fv2%2Fcategories&post=26563"},{"taxonomy":"post_tag","embeddable":true,"href":"https:\/\/bagn.no\/index.php?rest_route=%2Fwp%2Fv2%2Ftags&post=26563"}],"curies":[{"name":"wp","href":"https:\/\/api.w.org\/{rel}","templated":true}]}}