{"id":25954,"date":"2018-10-26T00:01:12","date_gmt":"2018-10-25T22:01:12","guid":{"rendered":"http:\/\/bagn.no\/?p=25954"},"modified":"2018-10-26T00:01:12","modified_gmt":"2018-10-25T22:01:12","slug":"fotballavslutning-for-bagn-il","status":"publish","type":"post","link":"https:\/\/bagn.no\/?p=25954","title":{"rendered":"Fotballavslutning for Bagn IL"},"content":{"rendered":"<p><img loading=\"lazy\" decoding=\"async\" class=\"size-medium wp-image-25957 alignleft\" src=\"http:\/\/bagn.no\/wp-content\/uploads\/2018\/10\/18.10.25-fotballavslutning-17-300x216.jpg\" alt=\"\" width=\"300\" height=\"216\" srcset=\"\/wp-content\/uploads\/2018\/10\/18.10.25-fotballavslutning-17-300x216.jpg 300w, \/wp-content\/uploads\/2018\/10\/18.10.25-fotballavslutning-17-600x431.jpg 600w, \/wp-content\/uploads\/2018\/10\/18.10.25-fotballavslutning-17-768x552.jpg 768w, \/wp-content\/uploads\/2018\/10\/18.10.25-fotballavslutning-17-1024x736.jpg 1024w, \/wp-content\/uploads\/2018\/10\/18.10.25-fotballavslutning-17-120x85.jpg 120w\" sizes=\"auto, (max-width: 300px) 100vw, 300px\" \/>Torsdag kveld avsluttet Bagn IL sin fotballsesong med kaker og brus og premieutdeling.\u00a0 Det var bestilt 120 premier til fotballsparkere fra barnehagealder til 16 \u00e5r. Det var med andre ord et yrende liv i glasshuset. Tiril \u00d8stg\u00e5rd og Marte Opheim fra Valdres FK delte ut premiene.\u00a0 Det var trekning av loddsalget fra grendacupen, og b\u00e5lpanna ble vunnet av Vigdis og Roald Bergene.\u00a0 <img loading=\"lazy\" decoding=\"async\" class=\"alignright size-medium wp-image-25958\" src=\"http:\/\/bagn.no\/wp-content\/uploads\/2018\/10\/18.10.25-fotballavslutning-21-300x231.jpg\" alt=\"\" width=\"300\" height=\"231\" srcset=\"\/wp-content\/uploads\/2018\/10\/18.10.25-fotballavslutning-21-300x231.jpg 300w, \/wp-content\/uploads\/2018\/10\/18.10.25-fotballavslutning-21-600x462.jpg 600w, \/wp-content\/uploads\/2018\/10\/18.10.25-fotballavslutning-21-768x592.jpg 768w, \/wp-content\/uploads\/2018\/10\/18.10.25-fotballavslutning-21-1024x789.jpg 1024w\" sizes=\"auto, (max-width: 300px) 100vw, 300px\" \/>Viktige sponsorer som FG-bygg, Sparebank 1 og Br\u00f8drene Dokken hadde donert gevinster som ble loddet ut torsdag.\u00a0 Fruktkurven fra Valdrestunet matsenter ble vunnet av Sivert \u00d8stg\u00e5rd.\u00a0 Flere bilder fra kvelden ligger p\u00e5 facebook\/BagnIL<\/p>\n","protected":false},"excerpt":{"rendered":"<p>Torsdag kveld avsluttet Bagn IL sin fotballsesong med kaker og brus og premieutdeling.\u00a0 Det var bestilt 120 premier til fotballsparkere fra barnehagealder til 16 \u00e5r. Det var med andre ord et yrende liv i glasshuset. Tiril \u00d8stg\u00e5rd og Marte Opheim fra Valdres FK delte ut premiene.\u00a0 Det var trekning av loddsalget fra grendacupen, og b\u00e5lpanna [&hellip;]<\/p>\n","protected":false},"author":3,"featured_media":25957,"comment_status":"open","ping_status":"open","sticky":false,"template":"","format":"standard","meta":{"footnotes":""},"categories":[67],"tags":[],"class_list":["post-25954","post","type-post","status-publish","format-standard","has-post-thumbnail","hentry","category-bagn-il"],"_links":{"self":[{"href":"https:\/\/bagn.no\/index.php?rest_route=\/wp\/v2\/posts\/25954","targetHints":{"allow":["GET"]}}],"collection":[{"href":"https:\/\/bagn.no\/index.php?rest_route=\/wp\/v2\/posts"}],"about":[{"href":"https:\/\/bagn.no\/index.php?rest_route=\/wp\/v2\/types\/post"}],"author":[{"embeddable":true,"href":"https:\/\/bagn.no\/index.php?rest_route=\/wp\/v2\/users\/3"}],"replies":[{"embeddable":true,"href":"https:\/\/bagn.no\/index.php?rest_route=%2Fwp%2Fv2%2Fcomments&post=25954"}],"version-history":[{"count":0,"href":"https:\/\/bagn.no\/index.php?rest_route=\/wp\/v2\/posts\/25954\/revisions"}],"wp:featuredmedia":[{"embeddable":true,"href":"https:\/\/bagn.no\/index.php?rest_route=\/wp\/v2\/media\/25957"}],"wp:attachment":[{"href":"https:\/\/bagn.no\/index.php?rest_route=%2Fwp%2Fv2%2Fmedia&parent=25954"}],"wp:term":[{"taxonomy":"category","embeddable":true,"href":"https:\/\/bagn.no\/index.php?rest_route=%2Fwp%2Fv2%2Fcategories&post=25954"},{"taxonomy":"post_tag","embeddable":true,"href":"https:\/\/bagn.no\/index.php?rest_route=%2Fwp%2Fv2%2Ftags&post=25954"}],"curies":[{"name":"wp","href":"https:\/\/api.w.org\/{rel}","templated":true}]}}