{"id":25666,"date":"2018-04-11T19:11:19","date_gmt":"2018-04-11T17:11:19","guid":{"rendered":"http:\/\/bagn.no\/?p=25666"},"modified":"2018-04-11T19:11:19","modified_gmt":"2018-04-11T17:11:19","slug":"skiavslutning-for-arets-kretscuper-pa-gala","status":"publish","type":"post","link":"https:\/\/bagn.no\/?p=25666","title":{"rendered":"Skiavslutning for \u00e5rets kretscuper p\u00e5 G\u00e5l\u00e5"},"content":{"rendered":"<p>I helga har det v\u00e6rt skiavslutning for \u00e5rets kretscuper p\u00e5 <a class=\"profileLink\" href=\"https:\/\/www.facebook.com\/G%C3%A5l%C3%A5-584141798303152\/?fref=mentions\" data-hovercard=\"\/ajax\/hovercard\/page.php?id=584141798303152&amp;extragetparams=%7B%22fref%22%3A%22mentions%22%7D\" data-hovercard-prefer-more-content-show=\"1\">G\u00e5l\u00e5<\/a>, samt KM i skistafett. P\u00e5 l\u00f8rdag gikk siste av 6 cuprenn. Mikkel Lysne Johansen avsluttet en sterk sesong med \u00e5 vinne \u00e5rets siste renn,og dermed sikre seg seieren i Totenbankcupen<span class=\"_5mfr _47e3\"><img loading=\"lazy\" decoding=\"async\" class=\"img\" role=\"presentation\" src=\"https:\/\/www.facebook.com\/images\/emoji.php\/v9\/f5d\/2\/16\/1f3c6.png\" alt=\"\" width=\"16\" height=\"16\" \/><span class=\"_7oe\">&#x1f3c6;<\/span><\/span>sammenlagt!<br \/>\nVi har hatt 8 l\u00f8pere fra Bagn IL som har v\u00e6rt med p\u00e5 mange renn i vinter. Anna L Johansen klatret ogs\u00e5 opp pallen sammenlagt med en sterk 3.plass i J13. Thomas S\u00f8rb\u00f8en kan ogs\u00e5 si seg forn\u00f8yd ved bli nr 5 sammenlagt i G14. A<span class=\"text_exposed_show\">ndrea L Solbrekken har v\u00e6rt en trofast og ivrige l\u00f8per i vinter og sikret seg 7. plass i J14. Broder Einar er ogs\u00e5 en aktiv l\u00f8per og kapret 11. plassen i G12. Samme plass fikk Marius S\u00f8rb\u00f8en i G11.<a href=\"http:\/\/bagn.no\/wp-content\/uploads\/2018\/04\/Skigal\u00e51.jpg\"><img loading=\"lazy\" decoding=\"async\" class=\"alignleft size-thumbnail wp-image-25667\" src=\"http:\/\/bagn.no\/wp-content\/uploads\/2018\/04\/Skigal\u00e51-150x150.jpg\" alt=\"\" width=\"150\" height=\"150\" \/><\/a> <\/span><\/p>\n<p><span class=\"text_exposed_show\">I G16 har ogs\u00e5 Bagn en l\u00f8per topp 10 i Oppland,Lars L Bertelrud, med 10.plass i en t\u00f8ff klasse. Vetle L Johansen i G15 er ogs\u00e5 en l\u00f8per som har gjort en bra sesong, men 24. plassen i cupen er misvisende, da Vetle kun har f\u00e5tt deltatt i to av seks renn i vinter.<br \/>\nS\u00f8ndag var det Kretsmesterskap i stafett, og v\u00e5re tre eldste gutter; Vetle, Thomas og Lars stilte til start i G16 klassen, og gikk inn til en sterk 6. plass i en klasse med over 20 lag. Bare et lite fall unna 4.plassen. Det er ikke ofte lille Bagn har hatt nok l\u00f8pere til \u00e5 stille lag i s\u00e5 h\u00f8y aldersklasse. Og da i tillegg hevde seg s\u00e5 bra mot store klubber i Oppland, er vi litt stolte av som klubb<span class=\"_5mfr _47e3\"><img loading=\"lazy\" decoding=\"async\" class=\"img\" role=\"presentation\" src=\"https:\/\/www.facebook.com\/images\/emoji.php\/v9\/f1e\/2\/16\/1f60a.png\" alt=\"\" width=\"16\" height=\"16\" \/><span class=\"_7oe\">&#x1f60a;<\/span><\/span><br \/>\nV\u00e5re to jenter gikk ogs\u00e5 stafett, sammen med ei jente fra Rogne, p\u00e5 et mikslag utenfor konkurranse. V\u00e5re tre &laquo;sm\u00e5gutter&raquo; viste ogs\u00e5 stor innsats <span class=\"_5mfr _47e3\"><img loading=\"lazy\" decoding=\"async\" class=\"img\" role=\"presentation\" src=\"https:\/\/www.facebook.com\/images\/emoji.php\/v9\/fb\/2\/16\/1f4aa.png\" alt=\"\" width=\"16\" height=\"16\" \/><span class=\"_7oe\">&#x1f4aa;<\/span><\/span> i sine l\u00f8p.<\/span><\/p>\n","protected":false},"excerpt":{"rendered":"<p>I helga har det v\u00e6rt skiavslutning for \u00e5rets kretscuper p\u00e5 G\u00e5l\u00e5, samt KM i skistafett. P\u00e5 l\u00f8rdag gikk siste av 6 cuprenn. Mikkel Lysne Johansen avsluttet en sterk sesong med \u00e5 vinne \u00e5rets siste renn,og dermed sikre seg seieren i Totenbankcupen&#x1f3c6;sammenlagt! Vi har hatt 8 l\u00f8pere fra Bagn IL som har v\u00e6rt med p\u00e5 mange [&hellip;]<\/p>\n","protected":false},"author":4,"featured_media":25668,"comment_status":"open","ping_status":"open","sticky":false,"template":"","format":"standard","meta":{"footnotes":""},"categories":[67],"tags":[],"class_list":["post-25666","post","type-post","status-publish","format-standard","has-post-thumbnail","hentry","category-bagn-il"],"_links":{"self":[{"href":"https:\/\/bagn.no\/index.php?rest_route=\/wp\/v2\/posts\/25666","targetHints":{"allow":["GET"]}}],"collection":[{"href":"https:\/\/bagn.no\/index.php?rest_route=\/wp\/v2\/posts"}],"about":[{"href":"https:\/\/bagn.no\/index.php?rest_route=\/wp\/v2\/types\/post"}],"author":[{"embeddable":true,"href":"https:\/\/bagn.no\/index.php?rest_route=\/wp\/v2\/users\/4"}],"replies":[{"embeddable":true,"href":"https:\/\/bagn.no\/index.php?rest_route=%2Fwp%2Fv2%2Fcomments&post=25666"}],"version-history":[{"count":0,"href":"https:\/\/bagn.no\/index.php?rest_route=\/wp\/v2\/posts\/25666\/revisions"}],"wp:featuredmedia":[{"embeddable":true,"href":"https:\/\/bagn.no\/index.php?rest_route=\/wp\/v2\/media\/25668"}],"wp:attachment":[{"href":"https:\/\/bagn.no\/index.php?rest_route=%2Fwp%2Fv2%2Fmedia&parent=25666"}],"wp:term":[{"taxonomy":"category","embeddable":true,"href":"https:\/\/bagn.no\/index.php?rest_route=%2Fwp%2Fv2%2Fcategories&post=25666"},{"taxonomy":"post_tag","embeddable":true,"href":"https:\/\/bagn.no\/index.php?rest_route=%2Fwp%2Fv2%2Ftags&post=25666"}],"curies":[{"name":"wp","href":"https:\/\/api.w.org\/{rel}","templated":true}]}}