{"id":25513,"date":"2018-03-04T14:30:11","date_gmt":"2018-03-04T13:30:11","guid":{"rendered":"http:\/\/bagn.no\/?p=25513"},"modified":"2018-03-05T23:42:06","modified_gmt":"2018-03-05T22:42:06","slug":"visekveld-med-musikken-til-vidar-sandbeck-pa-biblioteket-bagn-23-mars-kl-19-00","status":"publish","type":"post","link":"https:\/\/bagn.no\/?p=25513","title":{"rendered":"Visekveld med musikken til Vidar Sandbeck p\u00e5 biblioteket, Bagn 23.mars kl. 19.00"},"content":{"rendered":"<p>Dur &amp; Wold fra Hamar og Furnes, som best\u00e5r av Tom-Erik Tangen og Bernt Wold, tar oss med inn i Vidar Sandbecks verden og presenterer kjente og ukjente viser. I tillegg tar de for seg historien om kunstneren som bodde hele livet p\u00e5 \u00c5sta, i \u00c5mot kommune i Hedmark. Hans far, Emil Sandbeck, var t\u00f8mmerhugger og kjempet for at yrkesgruppen skulle f\u00e5 en rettmessig andel av den verdiskapningen de stod for. Det f\u00f8rte til at han ble holdt utenfor arbeidslivet i store perioder og at det derfor var fattigdom i heimen under hele Vidar Sandbecks oppvekst. Hans mor, Lenny Alida, var sterkt troende og en patriotisk tilhenger av kongehuset, alts\u00e5 sin ektemanns rake motsetning.<br \/>\nVidar Sandbeck, eller P\u00e5san, som han ble kalt, vokste opp i dette politiske og kulturelle spennet. S\u00e5 var det n\u00e5 slik at det var klassisk fiolinist han \u00f8nsket \u00e5 bli, og debuterte 14 \u00e5r gammel som spillemann p\u00e5 dansefester. I visa P\u00e5 folkemunne, summerer han p\u00e5 en herlig og humoristisk m\u00e5te de yrkene han har v\u00e6rt innom; Je kunne v\u00f8ri snekker, jeg kunne v\u00f8ri smed, je kunne v\u00f8ri direkt\u00f8r hell blikkenslager je\u2026. Men s\u00e5 ble han forfatter, komponist, visesanger, gitarist, slagerkonge, barnebokforfatter, barnetimeonkel, treskj\u00e6rer, programskaper og en hyppig bidragsyter i S\u00f8ndagsposten i NRK. Han har skrevet flere hundre viser, b\u00e5de tekst og melodi, og kjente artister som Wenche Myhre, The Dizzie Tunes og Gjermund Eggen slo gjennom med Sandbeck-sanger.<br \/>\nDe selvbiografiske b\u00f8kene om P\u00e5san, 7 bind, er blitt st\u00e5ende som et av storverkene i norsk prosa i det 20 \u00e5rhundre. Grunnen til det er at han greide \u00e5 dempe indignasjonen over urett- ferdigheten i det klassesamfunnet han vokste opp i. Han skildrer her livet i \u00d8sterdalen og p\u00e5 sm\u00e5bruket Myra p\u00e5 1920 og 30-tallet. Det har blitt omkring 40 b\u00f8ker for barn og voksne og fremstillingene er krydret med en god porsjon humor, har en folkelig fortellerstil som treffer oss b\u00e5de i hjertet og hodet\u2026<br \/>\nDur &amp; Wold, som bruker gitarer, ukulele og banjo, gir en forestilling med historikk og anekdoter, og ikke minst blir det et n\u00e6rmere kjennskap med personen Vidar Sandbeck og hans viseskatter.<\/p>\n","protected":false},"excerpt":{"rendered":"<p>Dur &amp; Wold fra Hamar og Furnes, som best\u00e5r av Tom-Erik Tangen og Bernt Wold, tar oss med inn i Vidar Sandbecks verden og presenterer kjente og ukjente viser. I tillegg tar de for seg historien om kunstneren som bodde hele livet p\u00e5 \u00c5sta, i \u00c5mot kommune i Hedmark. Hans far, Emil Sandbeck, var t\u00f8mmerhugger [&hellip;]<\/p>\n","protected":false},"author":4,"featured_media":25514,"comment_status":"open","ping_status":"open","sticky":false,"template":"","format":"standard","meta":{"footnotes":""},"categories":[82],"tags":[],"class_list":["post-25513","post","type-post","status-publish","format-standard","has-post-thumbnail","hentry","category-lokale-nyheter"],"_links":{"self":[{"href":"https:\/\/bagn.no\/index.php?rest_route=\/wp\/v2\/posts\/25513","targetHints":{"allow":["GET"]}}],"collection":[{"href":"https:\/\/bagn.no\/index.php?rest_route=\/wp\/v2\/posts"}],"about":[{"href":"https:\/\/bagn.no\/index.php?rest_route=\/wp\/v2\/types\/post"}],"author":[{"embeddable":true,"href":"https:\/\/bagn.no\/index.php?rest_route=\/wp\/v2\/users\/4"}],"replies":[{"embeddable":true,"href":"https:\/\/bagn.no\/index.php?rest_route=%2Fwp%2Fv2%2Fcomments&post=25513"}],"version-history":[{"count":0,"href":"https:\/\/bagn.no\/index.php?rest_route=\/wp\/v2\/posts\/25513\/revisions"}],"wp:featuredmedia":[{"embeddable":true,"href":"https:\/\/bagn.no\/index.php?rest_route=\/wp\/v2\/media\/25514"}],"wp:attachment":[{"href":"https:\/\/bagn.no\/index.php?rest_route=%2Fwp%2Fv2%2Fmedia&parent=25513"}],"wp:term":[{"taxonomy":"category","embeddable":true,"href":"https:\/\/bagn.no\/index.php?rest_route=%2Fwp%2Fv2%2Fcategories&post=25513"},{"taxonomy":"post_tag","embeddable":true,"href":"https:\/\/bagn.no\/index.php?rest_route=%2Fwp%2Fv2%2Ftags&post=25513"}],"curies":[{"name":"wp","href":"https:\/\/api.w.org\/{rel}","templated":true}]}}