{"id":25442,"date":"2018-01-26T21:26:15","date_gmt":"2018-01-26T20:26:15","guid":{"rendered":"http:\/\/bagn.no\/?p=25442"},"modified":"2018-01-28T18:57:37","modified_gmt":"2018-01-28T17:57:37","slug":"ny-vellykket-skisamling","status":"publish","type":"post","link":"https:\/\/bagn.no\/?p=25442","title":{"rendered":"Ny vellykket skisamling"},"content":{"rendered":"<p><img loading=\"lazy\" decoding=\"async\" class=\"alignleft size-medium wp-image-25446\" src=\"http:\/\/bagn.no\/wp-content\/uploads\/2018\/01\/skicamp-gruppe-1-300x200.jpg\" alt=\"\" width=\"300\" height=\"200\" srcset=\"\/wp-content\/uploads\/2018\/01\/skicamp-gruppe-1-300x200.jpg 300w, \/wp-content\/uploads\/2018\/01\/skicamp-gruppe-1.jpg 348w\" sizes=\"auto, (max-width: 300px) 100vw, 300px\" \/>I helgen var det p\u00e5 ny klart for skisamling p\u00e5 Leirskogen. For 5. \u00e5ret p\u00e5 rad arrangerte Bagn IL samling for skiinteresserte barn i S\u00f8r-Aurdal.<\/p>\n<p>50 barn fra Bagn, Begnadalen og Hedalen moret seg med aktiviteter ute og inne. Oddvin S\u00f8rb\u00f8en og <a name=\"_Hlk504351824\"><\/a>Morten Bellika Johansen instruerte og aktiviserte ungene. Med seg hadde de blant annet <a name=\"_Hlk504351786\"><\/a>Lene Manuela Nybr\u00e5ten fra Friskis &amp; Svettis som hadde danseleker med ungene. Totalt 20 voksne var med og bidro p\u00e5 skift i helgen.<br \/>\n<strong>Overnatting<\/strong><br \/>\n\u2013 Vi startet samlingen fredag ettermiddag med innlosjering i grendehuset p\u00e5 Leirskogen. Ungene ble delt inn i tre grupper, Team Kl\u00e6bo, Team Bj\u00f8rgen og Team Hippe \/ Strandbr\u00e5ten, forteller Oddvin S\u00f8rb\u00f8en. Jostein Strandbr\u00e5ten og verdensmester p\u00e5 rulleski, Even S\u00e6teren Hippe var med som instrukt\u00f8rer fredag og l\u00f8rdag.<img loading=\"lazy\" decoding=\"async\" class=\"alignright size-medium wp-image-25448\" src=\"http:\/\/bagn.no\/wp-content\/uploads\/2018\/01\/fotball-300x200.jpg\" alt=\"\" width=\"300\" height=\"200\" srcset=\"\/wp-content\/uploads\/2018\/01\/fotball-300x200.jpg 300w, \/wp-content\/uploads\/2018\/01\/fotball.jpg 348w\" sizes=\"auto, (max-width: 300px) 100vw, 300px\" \/><br \/>\n\u2013 Dette er veldig moro og sosialt, ogs\u00e5 for oss voksne. Vi har hatt mye skilek og tekniske \u00f8velser. Middag p\u00e5 fredag var selvf\u00f8lgelig Taco. Det er h\u00f8yt lydniv\u00e5 men de fleste gikk til ro klokken 22:30. Alle rommene i grendehuset ble brukt til overnatting, ogs\u00e5 gangen og dusjen, fortsetter S\u00f8rb\u00f8en.<br \/>\n<strong>Skilek<\/strong><br \/>\nEtter frokost l\u00f8rdag var det langrenn i klassisk stil frem til lunch, f\u00f8r det nye dansetrinn med Lene Manuela Nybr\u00e5ten og styrketrening med Morten Bellika Johansen. Ungene synes nok det er morsommere med dans og musikk enn \u00f8velser uten musikk, sier Nybr\u00e5ten med et smil.<br \/>\nSiste \u00f8kt var ute i akebakken hvor det ble satt opp porter for slalom, og hopp p\u00e5 langrennsski. Noen kj\u00f8rte ogs\u00e5 i tog i l\u00f8ssn\u00f8en. Even S\u00e6teren Hippe var med hele l\u00f8rdagen og fikk vist sine skiferdigheter i hoppbakken. \u2013 Jeg er stolt av klubben min og er glad for \u00e5 kunne gi noe tilbake til Bagn IL, sier han. Om sin egen innsats s\u00e5 langt i vinter er han ikke like forn\u00f8yd, etter den flotte sommersesongen. \u2013 Det har ikke g\u00e5tt s\u00e5 bra som jeg h\u00e5pet. Under NM deltok jeg p\u00e5 sprinten, men der knakk jeg staven. Jeg vet at jeg kan s\u00e5 mye bedre n\u00e5r alt fungerer, jeg har mye \u00e5 g\u00e5 p\u00e5, forteller en optimistisk Hippe.<br \/>\nSkisamlingen ble avsluttet med vafler og saft i grendehuset, og fremvisning av bilder og filmklipp som ble tatt i l\u00f8pet av helgen. Mange lo godt da de fikk se seg selv i fri utfoldelse, og ekstra moro var det n\u00e5r det ble vist bilder av voksne som l\u00e5 og kavet i sn\u00f8en.<br \/>\nMorten Bellika Johansen og Oddvin S\u00f8rb\u00f8en takket alle som har v\u00e6rt med p\u00e5 samlingen, selv fikk de en p\u00e5skj\u00f8nnelse for det de har gjort i helgen. \u2013 Vi m\u00e5 f\u00e5 takke alle barna som melder seg p\u00e5, uten dere hadde det ikke blitt noen skisamling. Det er faktisk st\u00f8rre deltakelse i \u00e5r enn i fjor, avslutter Johansen.<\/p>\n<p>Se mange flere bilder p\u00e5 <a href=\"http:\/\/www.reinli.no\">www.reinli.no<\/a><\/p>\n<p>Tekst og foto:\u00a0 Rune Larheim<\/p>\n","protected":false},"excerpt":{"rendered":"<p>I helgen var det p\u00e5 ny klart for skisamling p\u00e5 Leirskogen. For 5. \u00e5ret p\u00e5 rad arrangerte Bagn IL samling for skiinteresserte barn i S\u00f8r-Aurdal. 50 barn fra Bagn, Begnadalen og Hedalen moret seg med aktiviteter ute og inne. Oddvin S\u00f8rb\u00f8en og Morten Bellika Johansen instruerte og aktiviserte ungene. Med seg hadde de blant annet [&hellip;]<\/p>\n","protected":false},"author":3,"featured_media":25446,"comment_status":"open","ping_status":"open","sticky":false,"template":"","format":"standard","meta":{"footnotes":""},"categories":[69],"tags":[],"class_list":["post-25442","post","type-post","status-publish","format-standard","has-post-thumbnail","hentry","category-bagnbegnabegnadalen"],"_links":{"self":[{"href":"https:\/\/bagn.no\/index.php?rest_route=\/wp\/v2\/posts\/25442","targetHints":{"allow":["GET"]}}],"collection":[{"href":"https:\/\/bagn.no\/index.php?rest_route=\/wp\/v2\/posts"}],"about":[{"href":"https:\/\/bagn.no\/index.php?rest_route=\/wp\/v2\/types\/post"}],"author":[{"embeddable":true,"href":"https:\/\/bagn.no\/index.php?rest_route=\/wp\/v2\/users\/3"}],"replies":[{"embeddable":true,"href":"https:\/\/bagn.no\/index.php?rest_route=%2Fwp%2Fv2%2Fcomments&post=25442"}],"version-history":[{"count":0,"href":"https:\/\/bagn.no\/index.php?rest_route=\/wp\/v2\/posts\/25442\/revisions"}],"wp:featuredmedia":[{"embeddable":true,"href":"https:\/\/bagn.no\/index.php?rest_route=\/wp\/v2\/media\/25446"}],"wp:attachment":[{"href":"https:\/\/bagn.no\/index.php?rest_route=%2Fwp%2Fv2%2Fmedia&parent=25442"}],"wp:term":[{"taxonomy":"category","embeddable":true,"href":"https:\/\/bagn.no\/index.php?rest_route=%2Fwp%2Fv2%2Fcategories&post=25442"},{"taxonomy":"post_tag","embeddable":true,"href":"https:\/\/bagn.no\/index.php?rest_route=%2Fwp%2Fv2%2Ftags&post=25442"}],"curies":[{"name":"wp","href":"https:\/\/api.w.org\/{rel}","templated":true}]}}