{"id":25368,"date":"2018-01-06T22:14:06","date_gmt":"2018-01-06T21:14:06","guid":{"rendered":"http:\/\/bagn.no\/?p=25368"},"modified":"2018-01-12T00:19:42","modified_gmt":"2018-01-11T23:19:42","slug":"hyggelig-juletrefest-med-rode-kors-omsorg","status":"publish","type":"post","link":"https:\/\/bagn.no\/?p=25368","title":{"rendered":"Hyggelig juletrefest med R\u00f8de Kors Omsorg"},"content":{"rendered":"<p><img loading=\"lazy\" decoding=\"async\" class=\"alignleft size-medium wp-image-25369\" src=\"http:\/\/bagn.no\/wp-content\/uploads\/2018\/01\/DSC_0285-300x201.jpg\" alt=\"\" width=\"300\" height=\"201\" srcset=\"\/wp-content\/uploads\/2018\/01\/DSC_0285-300x201.jpg 300w, \/wp-content\/uploads\/2018\/01\/DSC_0285-600x402.jpg 600w, \/wp-content\/uploads\/2018\/01\/DSC_0285-768x514.jpg 768w, \/wp-content\/uploads\/2018\/01\/DSC_0285-1024x685.jpg 1024w\" sizes=\"auto, (max-width: 300px) 100vw, 300px\" \/>Fredag inviterte S\u00f8r Aurdal R\u00f8de Kors Omsorg til juletrefest p\u00e5 SAUS.\u00a0 Damene fra internasjonal kvinnekaf\u00e9 har v\u00e6rt aktive i forberedelsene med baking og produksjon av julepynt, og denne fredagen\u00a0hadde de tatt med seg\u00a0familiene sine\u00a0til glasshuset.\u00a0 Primus motor Marit R\u00e5heim \u00f8nsket velkommen til fest, og hadde ogs\u00e5 regien videre utover kvelden.\u00a0 <img loading=\"lazy\" decoding=\"async\" class=\"alignright wp-image-25370 size-medium\" src=\"http:\/\/bagn.no\/wp-content\/uploads\/2018\/01\/DSC_0287-e1515273083179-201x300.jpg\" alt=\"\" width=\"201\" height=\"300\" srcset=\"\/wp-content\/uploads\/2018\/01\/DSC_0287-e1515273083179-201x300.jpg 201w, \/wp-content\/uploads\/2018\/01\/DSC_0287-e1515273083179-600x896.jpg 600w, \/wp-content\/uploads\/2018\/01\/DSC_0287-e1515273083179-768x1147.jpg 768w, \/wp-content\/uploads\/2018\/01\/DSC_0287-e1515273083179-685x1024.jpg 685w, \/wp-content\/uploads\/2018\/01\/DSC_0287-e1515273083179-scaled.jpg 1714w\" sizes=\"auto, (max-width: 201px) 100vw, 201px\" \/>P\u00e5 programmet var bl.a. unge korpsmusikere fra 3. klasse p\u00e5 Bagn Skule, anf\u00f8rt av Gunhild Leite, og flott sang av Emma Gr\u00f8nbeck fra Hedalen.\u00a0I en lang\u00a0 og god kaffepause\u00a0ble det servert kaker fra ulike kulturer, og arabisk kaffe var en sterk variant av den vi er vant til.\u00a0\u00a0 I to omganger ble det tradisjonell juletregang, og det ble selvf\u00f8lgelig avsluttet med\u00a0&laquo;P\u00e5 l\u00e5ven sitter nissen&raquo;. <img loading=\"lazy\" decoding=\"async\" class=\"alignleft size-medium wp-image-25371\" src=\"http:\/\/bagn.no\/wp-content\/uploads\/2018\/01\/DSC_0295-300x201.jpg\" alt=\"\" width=\"300\" height=\"201\" srcset=\"\/wp-content\/uploads\/2018\/01\/DSC_0295-300x201.jpg 300w, \/wp-content\/uploads\/2018\/01\/DSC_0295-600x402.jpg 600w, \/wp-content\/uploads\/2018\/01\/DSC_0295-768x514.jpg 768w, \/wp-content\/uploads\/2018\/01\/DSC_0295-1024x685.jpg 1024w\" sizes=\"auto, (max-width: 300px) 100vw, 300px\" \/>Og vipps, s\u00e5 var nissen der med godisposer til\u00a0forventningsfulle unger, i\u00a0k\u00f8 langt bakover\u00a0i \u00a0korridoren.\u00a0Men det ble nok til alle!\u00a0 Akkompagnat\u00f8r til musikkinnslag og juletregang, var st\u00f8dige Kjell Ivar Vestrom.<\/p>\n<p>Les mer og se mange flere bilder p\u00e5 <a href=\"http:\/\/reinli.no\/\">http:\/\/reinli.no\/<\/a><\/p>\n<p>&nbsp;<\/p>\n","protected":false},"excerpt":{"rendered":"<p>Fredag inviterte S\u00f8r Aurdal R\u00f8de Kors Omsorg til juletrefest p\u00e5 SAUS.\u00a0 Damene fra internasjonal kvinnekaf\u00e9 har v\u00e6rt aktive i forberedelsene med baking og produksjon av julepynt, og denne fredagen\u00a0hadde de tatt med seg\u00a0familiene sine\u00a0til glasshuset.\u00a0 Primus motor Marit R\u00e5heim \u00f8nsket velkommen til fest, og hadde ogs\u00e5 regien videre utover kvelden.\u00a0 P\u00e5 programmet var bl.a. unge [&hellip;]<\/p>\n","protected":false},"author":3,"featured_media":25369,"comment_status":"open","ping_status":"open","sticky":false,"template":"","format":"standard","meta":{"footnotes":""},"categories":[78,86],"tags":[],"class_list":["post-25368","post","type-post","status-publish","format-standard","has-post-thumbnail","hentry","category-kultur","category-rode-kors"],"_links":{"self":[{"href":"https:\/\/bagn.no\/index.php?rest_route=\/wp\/v2\/posts\/25368","targetHints":{"allow":["GET"]}}],"collection":[{"href":"https:\/\/bagn.no\/index.php?rest_route=\/wp\/v2\/posts"}],"about":[{"href":"https:\/\/bagn.no\/index.php?rest_route=\/wp\/v2\/types\/post"}],"author":[{"embeddable":true,"href":"https:\/\/bagn.no\/index.php?rest_route=\/wp\/v2\/users\/3"}],"replies":[{"embeddable":true,"href":"https:\/\/bagn.no\/index.php?rest_route=%2Fwp%2Fv2%2Fcomments&post=25368"}],"version-history":[{"count":0,"href":"https:\/\/bagn.no\/index.php?rest_route=\/wp\/v2\/posts\/25368\/revisions"}],"wp:featuredmedia":[{"embeddable":true,"href":"https:\/\/bagn.no\/index.php?rest_route=\/wp\/v2\/media\/25369"}],"wp:attachment":[{"href":"https:\/\/bagn.no\/index.php?rest_route=%2Fwp%2Fv2%2Fmedia&parent=25368"}],"wp:term":[{"taxonomy":"category","embeddable":true,"href":"https:\/\/bagn.no\/index.php?rest_route=%2Fwp%2Fv2%2Fcategories&post=25368"},{"taxonomy":"post_tag","embeddable":true,"href":"https:\/\/bagn.no\/index.php?rest_route=%2Fwp%2Fv2%2Ftags&post=25368"}],"curies":[{"name":"wp","href":"https:\/\/api.w.org\/{rel}","templated":true}]}}