{"id":25090,"date":"2017-10-20T20:50:23","date_gmt":"2017-10-20T18:50:23","guid":{"rendered":"http:\/\/bagn.no\/?p=25090"},"modified":"2017-10-20T20:50:23","modified_gmt":"2017-10-20T18:50:23","slug":"flott-eldrefest-i-sor-aurdal","status":"publish","type":"post","link":"https:\/\/bagn.no\/?p=25090","title":{"rendered":"Flott eldrefest i S\u00f8r-Aurdal"},"content":{"rendered":"<p><img loading=\"lazy\" decoding=\"async\" class=\"alignleft size-medium wp-image-25091\" src=\"http:\/\/bagn.no\/wp-content\/uploads\/2017\/10\/eldrefest1-2017-300x200.gif\" alt=\"\" width=\"300\" height=\"200\" \/>Eldrer\u00e5det i S\u00f8r-Aurdal i samarbeid med Frivilligsentralen hadde invitert til eldrefest s\u00f8ndag 16. oktober 2017 for \u00e5 markere FNs internasjonale eldredag. Arrangementet ble avviklet i nyoppussede\u00a0 lokaler til Frivilligsentralen p\u00e5 Fossvang i Bagn.<\/p>\n<p>Det var 43 deltakere representert fra alle bygder,\u00a0 og festen ble avviklet under en hyggelig ramme med god 3 retters middag, kaffe og kaker samt underholdning ved Vangstein`s.<\/p>\n<p>Leder for eldrer\u00e5det i S\u00f8r-Aurdal Reidar Schlytter \u00f8nsket alle velkommen til festen, spesielt velkommen til varaordf\u00f8rer Trine Adde Hansebakken og leder for Oppland fylkes eldrer\u00e5d Ingvill Fjeldstad B\u00f8e m\/sin ektefelle. I tillegg m\u00f8tte Oddleiv Juvkam fra kommunen som orienterte om S\u00f8r-Aurdalshallen.\u00a0 <img loading=\"lazy\" decoding=\"async\" class=\"alignright size-medium wp-image-25092\" src=\"http:\/\/bagn.no\/wp-content\/uploads\/2017\/10\/eldrefest-2-2017-300x200.gif\" alt=\"\" width=\"300\" height=\"200\" \/><\/p>\n<p>Varaordf\u00f8rer Trine Adde Hansebakken hilste fra kommunen og orienterte litt om bakgrunn for FNs internasjonale eldredag.<\/p>\n<p>Leder for Oppland fylkes eldrer\u00e5d Ingvill Fjeldstad B\u00f8e orienterte om aktuelle saker som eldrer\u00e5det b\u00f8r v\u00e6re opptatt av,\u00a0 og hun fremhevet at eldrer\u00e5det i S\u00f8r-Aurdal har v\u00e6rt flinlke med \u00e5 f\u00f8lge opp lokale og regionale saker.<\/p>\n<p>Tidligere leder av Eldrer\u00e5det i S\u00f8r-Aurdal Dagny Dahlen takket for maten.<\/p>\n<p>Styreleder i Frivilligsentralen Svein Bakke orienterte fra Frivillgsentralen og under kaffeserveringen ble det anledning til \u00e5 bli med\u00a0 p\u00e5 \u00e5resalg med mange flotte premier, Med flott dansemusikk fra Vangstein` s ble det anledning til dans.<\/p>\n<p>Et absulutt hyggelig og velykket arrangement for de eldre i S\u00f8r-Aurdal,\u00a0 takket v\u00e6re daglig leder i Frivillgsentralen som hadde regien for hele opplegget denne dagen.<\/p>\n<p>Tekst og foto: Reidar Schlytter<\/p>\n<p>Se mange flere av Reidars bilder fra festen her:\u00a0 <a href=\"http:\/\/www.begnadalen.no\/Oppslag%202017\/Eldrefest%2015.10.17.html\">http:\/\/www.begnadalen.no\/Oppslag%202017\/Eldrefest%2015.10.17.html<\/a><\/p>\n","protected":false},"excerpt":{"rendered":"<p>Eldrer\u00e5det i S\u00f8r-Aurdal i samarbeid med Frivilligsentralen hadde invitert til eldrefest s\u00f8ndag 16. oktober 2017 for \u00e5 markere FNs internasjonale eldredag. Arrangementet ble avviklet i nyoppussede\u00a0 lokaler til Frivilligsentralen p\u00e5 Fossvang i Bagn. Det var 43 deltakere representert fra alle bygder,\u00a0 og festen ble avviklet under en hyggelig ramme med god 3 retters middag, kaffe [&hellip;]<\/p>\n","protected":false},"author":3,"featured_media":25092,"comment_status":"open","ping_status":"open","sticky":false,"template":"","format":"standard","meta":{"footnotes":""},"categories":[1],"tags":[],"class_list":["post-25090","post","type-post","status-publish","format-standard","has-post-thumbnail","hentry","category-ukategorisert"],"_links":{"self":[{"href":"https:\/\/bagn.no\/index.php?rest_route=\/wp\/v2\/posts\/25090","targetHints":{"allow":["GET"]}}],"collection":[{"href":"https:\/\/bagn.no\/index.php?rest_route=\/wp\/v2\/posts"}],"about":[{"href":"https:\/\/bagn.no\/index.php?rest_route=\/wp\/v2\/types\/post"}],"author":[{"embeddable":true,"href":"https:\/\/bagn.no\/index.php?rest_route=\/wp\/v2\/users\/3"}],"replies":[{"embeddable":true,"href":"https:\/\/bagn.no\/index.php?rest_route=%2Fwp%2Fv2%2Fcomments&post=25090"}],"version-history":[{"count":0,"href":"https:\/\/bagn.no\/index.php?rest_route=\/wp\/v2\/posts\/25090\/revisions"}],"wp:featuredmedia":[{"embeddable":true,"href":"https:\/\/bagn.no\/index.php?rest_route=\/wp\/v2\/media\/25092"}],"wp:attachment":[{"href":"https:\/\/bagn.no\/index.php?rest_route=%2Fwp%2Fv2%2Fmedia&parent=25090"}],"wp:term":[{"taxonomy":"category","embeddable":true,"href":"https:\/\/bagn.no\/index.php?rest_route=%2Fwp%2Fv2%2Fcategories&post=25090"},{"taxonomy":"post_tag","embeddable":true,"href":"https:\/\/bagn.no\/index.php?rest_route=%2Fwp%2Fv2%2Ftags&post=25090"}],"curies":[{"name":"wp","href":"https:\/\/api.w.org\/{rel}","templated":true}]}}