{"id":24921,"date":"2017-06-17T17:41:47","date_gmt":"2017-06-17T15:41:47","guid":{"rendered":"http:\/\/bagn.no\/?p=24921"},"modified":"2017-06-17T17:41:47","modified_gmt":"2017-06-17T15:41:47","slug":"nye-benker-fra-bagn-vel","status":"publish","type":"post","link":"https:\/\/bagn.no\/?p=24921","title":{"rendered":"Nye benker fra Bagn Vel"},"content":{"rendered":"<p><img loading=\"lazy\" decoding=\"async\" class=\"alignleft size-medium wp-image-24923\" src=\"http:\/\/bagn.no\/wp-content\/uploads\/2017\/06\/DSC_0242-300x201.jpg\" alt=\"\" width=\"300\" height=\"201\" \/>Bagn Vel har satt opp 3 nye hagebenker i v\u00e5r\u00a0.\u00a0 En st\u00e5r ved busskuret, en ved bussholdeplassen og en ved rasteplass-skiltet ved skigarden ved kvileheimen.\u00a0 Styret i Bagn Vel har st\u00e5tt for utformingen, og Tingvolltoppen ved leder Ole Kulterud har utf\u00f8rt arbeidet. Terje Hovde har skj\u00e6rt ut &#8216;Bagn Vel&#8217;.\u00a0 \u00a0Understellet er st\u00f8pt i betong s\u00e5 de skal t\u00e5le \u00e5 st\u00e5 ute hele \u00e5ret.\u00a0\u00a0 <img loading=\"lazy\" decoding=\"async\" class=\"alignright size-medium wp-image-24924\" src=\"http:\/\/bagn.no\/wp-content\/uploads\/2017\/06\/DSC_0244-300x201.jpg\" alt=\"\" width=\"300\" height=\"201\" srcset=\"\/wp-content\/uploads\/2017\/06\/DSC_0244-300x201.jpg 300w, \/wp-content\/uploads\/2017\/06\/DSC_0244-600x402.jpg 600w, \/wp-content\/uploads\/2017\/06\/DSC_0244-768x514.jpg 768w, \/wp-content\/uploads\/2017\/06\/DSC_0244-1024x685.jpg 1024w\" sizes=\"auto, (max-width: 300px) 100vw, 300px\" \/><br \/>\nVi i Bagn Vel h\u00e5per benkene blir stelt pent med s\u00e5 de holder seg pene lenge. De gamle benkene skal slipes\u00a0og beises og dermed komme til heder og verdighet igjen.<\/p>\n<p>Kari Thorsrud, leder i Bagn Vel<\/p>\n<p>&nbsp;<\/p>\n","protected":false},"excerpt":{"rendered":"<p>Bagn Vel har satt opp 3 nye hagebenker i v\u00e5r\u00a0.\u00a0 En st\u00e5r ved busskuret, en ved bussholdeplassen og en ved rasteplass-skiltet ved skigarden ved kvileheimen.\u00a0 Styret i Bagn Vel har st\u00e5tt for utformingen, og Tingvolltoppen ved leder Ole Kulterud har utf\u00f8rt arbeidet. Terje Hovde har skj\u00e6rt ut &#8216;Bagn Vel&#8217;.\u00a0 \u00a0Understellet er st\u00f8pt i betong s\u00e5 [&hellip;]<\/p>\n","protected":false},"author":3,"featured_media":0,"comment_status":"open","ping_status":"open","sticky":false,"template":"","format":"standard","meta":{"footnotes":""},"categories":[153],"tags":[],"class_list":["post-24921","post","type-post","status-publish","format-standard","hentry","category-bagn-vel"],"_links":{"self":[{"href":"https:\/\/bagn.no\/index.php?rest_route=\/wp\/v2\/posts\/24921","targetHints":{"allow":["GET"]}}],"collection":[{"href":"https:\/\/bagn.no\/index.php?rest_route=\/wp\/v2\/posts"}],"about":[{"href":"https:\/\/bagn.no\/index.php?rest_route=\/wp\/v2\/types\/post"}],"author":[{"embeddable":true,"href":"https:\/\/bagn.no\/index.php?rest_route=\/wp\/v2\/users\/3"}],"replies":[{"embeddable":true,"href":"https:\/\/bagn.no\/index.php?rest_route=%2Fwp%2Fv2%2Fcomments&post=24921"}],"version-history":[{"count":0,"href":"https:\/\/bagn.no\/index.php?rest_route=\/wp\/v2\/posts\/24921\/revisions"}],"wp:attachment":[{"href":"https:\/\/bagn.no\/index.php?rest_route=%2Fwp%2Fv2%2Fmedia&parent=24921"}],"wp:term":[{"taxonomy":"category","embeddable":true,"href":"https:\/\/bagn.no\/index.php?rest_route=%2Fwp%2Fv2%2Fcategories&post=24921"},{"taxonomy":"post_tag","embeddable":true,"href":"https:\/\/bagn.no\/index.php?rest_route=%2Fwp%2Fv2%2Ftags&post=24921"}],"curies":[{"name":"wp","href":"https:\/\/api.w.org\/{rel}","templated":true}]}}