{"id":24899,"date":"2017-06-07T19:17:28","date_gmt":"2017-06-07T17:17:28","guid":{"rendered":"http:\/\/bagn.no\/?p=24899"},"modified":"2017-06-07T19:18:45","modified_gmt":"2017-06-07T17:18:45","slug":"helgas-konfirmanter","status":"publish","type":"post","link":"https:\/\/bagn.no\/?p=24899","title":{"rendered":"Helgas konfirmanter"},"content":{"rendered":"<p><img loading=\"lazy\" decoding=\"async\" class=\"alignleft size-medium wp-image-24900\" src=\"http:\/\/bagn.no\/wp-content\/uploads\/2017\/06\/17.06.04-Konfirmasjon-52-300x201.jpg\" alt=\"\" width=\"300\" height=\"201\" srcset=\"\/wp-content\/uploads\/2017\/06\/17.06.04-Konfirmasjon-52-300x201.jpg 300w, \/wp-content\/uploads\/2017\/06\/17.06.04-Konfirmasjon-52-600x402.jpg 600w, \/wp-content\/uploads\/2017\/06\/17.06.04-Konfirmasjon-52-768x514.jpg 768w, \/wp-content\/uploads\/2017\/06\/17.06.04-Konfirmasjon-52-1024x685.jpg 1024w\" sizes=\"auto, (max-width: 300px) 100vw, 300px\" \/>Denne pinses\u00f8ndagen var det konfirmasjon i Bagn og i Hedalen.\u00a0 I Bagn var det Tore Samuelsen som hadde gudstjenesten.\u00a0 Konfirmantene var bak fra venstre: Trond Juvkam,\u00a0Angelica Kj\u00e6r, Nora \u00d8stg\u00e5rd, Oskar Nybr\u00e5ten, Niklas Skj\u00e6rstein Fl\u00f8gum og Kristian Aleksander Gran\u00e5s.\u00a0 <img loading=\"lazy\" decoding=\"async\" class=\"alignright size-medium wp-image-24901\" src=\"http:\/\/bagn.no\/wp-content\/uploads\/2017\/06\/17.06.04-Konfirmasjon-15-300x201.jpg\" alt=\"\" width=\"300\" height=\"201\" \/><\/p>\n<p>Foran fra venstre:\u00a0 Prest Tore Samuelsen, Iselin Hagen Sijtsema, Janne Brattrud, Lisbeth Eid Storbr\u00e5ten og Anders Rust\u00f8e.<\/p>\n<p>&nbsp;<\/p>\n","protected":false},"excerpt":{"rendered":"<p>Denne pinses\u00f8ndagen var det konfirmasjon i Bagn og i Hedalen.\u00a0 I Bagn var det Tore Samuelsen som hadde gudstjenesten.\u00a0 Konfirmantene var bak fra venstre: Trond Juvkam,\u00a0Angelica Kj\u00e6r, Nora \u00d8stg\u00e5rd, Oskar Nybr\u00e5ten, Niklas Skj\u00e6rstein Fl\u00f8gum og Kristian Aleksander Gran\u00e5s.\u00a0 Foran fra venstre:\u00a0 Prest Tore Samuelsen, Iselin Hagen Sijtsema, Janne Brattrud, Lisbeth Eid Storbr\u00e5ten og Anders Rust\u00f8e. [&hellip;]<\/p>\n","protected":false},"author":3,"featured_media":24900,"comment_status":"open","ping_status":"open","sticky":false,"template":"","format":"standard","meta":{"footnotes":""},"categories":[76],"tags":[],"class_list":["post-24899","post","type-post","status-publish","format-standard","has-post-thumbnail","hentry","category-kirke"],"_links":{"self":[{"href":"https:\/\/bagn.no\/index.php?rest_route=\/wp\/v2\/posts\/24899","targetHints":{"allow":["GET"]}}],"collection":[{"href":"https:\/\/bagn.no\/index.php?rest_route=\/wp\/v2\/posts"}],"about":[{"href":"https:\/\/bagn.no\/index.php?rest_route=\/wp\/v2\/types\/post"}],"author":[{"embeddable":true,"href":"https:\/\/bagn.no\/index.php?rest_route=\/wp\/v2\/users\/3"}],"replies":[{"embeddable":true,"href":"https:\/\/bagn.no\/index.php?rest_route=%2Fwp%2Fv2%2Fcomments&post=24899"}],"version-history":[{"count":0,"href":"https:\/\/bagn.no\/index.php?rest_route=\/wp\/v2\/posts\/24899\/revisions"}],"wp:featuredmedia":[{"embeddable":true,"href":"https:\/\/bagn.no\/index.php?rest_route=\/wp\/v2\/media\/24900"}],"wp:attachment":[{"href":"https:\/\/bagn.no\/index.php?rest_route=%2Fwp%2Fv2%2Fmedia&parent=24899"}],"wp:term":[{"taxonomy":"category","embeddable":true,"href":"https:\/\/bagn.no\/index.php?rest_route=%2Fwp%2Fv2%2Fcategories&post=24899"},{"taxonomy":"post_tag","embeddable":true,"href":"https:\/\/bagn.no\/index.php?rest_route=%2Fwp%2Fv2%2Ftags&post=24899"}],"curies":[{"name":"wp","href":"https:\/\/api.w.org\/{rel}","templated":true}]}}