{"id":24425,"date":"2017-01-09T20:52:50","date_gmt":"2017-01-09T19:52:50","guid":{"rendered":"http:\/\/bagn.no\/?p=24425"},"modified":"2017-01-09T20:52:50","modified_gmt":"2017-01-09T19:52:50","slug":"juletrefest-i-glasshuset","status":"publish","type":"post","link":"https:\/\/bagn.no\/?p=24425","title":{"rendered":"Juletrefest i Glasshuset"},"content":{"rendered":"<p><strong><a href=\"http:\/\/reinli.no\/bilder\/Juletrefest%20i%20Glasshuset%20p%C3%A5%20SAUS%202017\/index.html\" target=\"_blank\"><img loading=\"lazy\" decoding=\"async\" class=\"alignleft size-thumbnail wp-image-24427\" src=\"http:\/\/bagn.no\/wp-content\/uploads\/2017\/01\/IMG_7886-150x150.jpg\" alt=\"\" width=\"150\" height=\"150\" srcset=\"\/wp-content\/uploads\/2017\/01\/IMG_7886-150x150.jpg 150w, \/wp-content\/uploads\/2017\/01\/IMG_7886-300x300.jpg 300w, \/wp-content\/uploads\/2017\/01\/IMG_7886-100x100.jpg 100w\" sizes=\"auto, (max-width: 150px) 100vw, 150px\" \/><\/a>Tirsdag arrangerte Internasjonal kvinnekaf\u00e9 og R\u00f8de Kors bes\u00f8kstjeneste god gammeldags juletrefest i Glasshuset p\u00e5 S\u00f8r-Aurdal ungdomsskole (SAUS).<\/strong><\/p>\n<p>Marit R\u00e5heim er leder for og initiativtaker til S\u00f8r-Aurdal R\u00f8de Kors Omsorg, og bes\u00f8kstjenesten.<\/p>\n<p>\u2013 Det startet med bes\u00f8kstjeneste for eldre, uf\u00f8re og enslige, og har de senere \u00e5r utviklet seg til \u00e5 omfavne innvandrere og bosatte flyktninger i v\u00e5r kommune, forteller Marit R\u00e5heim. \u2013 Det er mange akt\u00f8rer og jeg \u00f8nsker \u00e5 samle og videreutvikle dette tilbudet, fortsetter R\u00e5heim.<\/p>\n<p>Bes\u00f8kstjenesten har f\u00e5tt st\u00f8tte fra Gjensidigestiftelsen til et hyggelig arrangement for barn i juleh\u00f8ytiden. Juletrefesten er et av tiltakene midlene er blitt brukt til.<\/p>\n<p>Tabarak Alshaban g\u00e5r i 8. klasse p\u00e5 SAUS og hun var programleder for juletrefesten i Glasshuset. P\u00e5 programmet sto blant annet underholdning av elever fra Bagn skole. Med hjelp av l\u00e6rer Gunhild Vegstein Leite sang de julesanger og fremf\u00f8rte dikt.<\/p>\n<p>Kjell Ivar Vestrom satt ved pianoet og akkompagnerte til tradisjonell gang rundt juletreet og til annen underholdning. Jocelyn Wana har bodd fem \u00e5r i Norge og har blant annet deltatt i Idol. Hun fremf\u00f8rte julesanger til stor begeistring. Etter \u00f8red\u00f8vende applauser ble det ogs\u00e5 tid til ekstranummer.<\/p>\n<p>I pausen ble det servert arabisk og eritreisk kaffe, i tillegg til gl\u00f8gg. Kakebordet var overveldet med kaker fra Eritrea, Irak og Syria, og norske pepperkaker. Ingen tvil om at kakene falt i god smak hos de fremm\u00f8tte.<\/p>\n<p>Etter siste sang rundt juletreet, \u00abP\u00e5 L\u00e5ven Sitter Nissen\u00bb, dukket selvf\u00f8lgelig julenissen opp, med godteposer til barna. Noen barn ble redde mens andre \u00f8nsket \u00e5 se hvem som befant seg bak masken. Men nissen delte ut sine gaver og vendte \u00abRudolfs r\u00f8de nese\u00bb tilbake til Nordpolen.<\/p>\n<p>Marit R\u00e5heim takket alle som har bidratt til at juletrefesten ble virkelighet, og hun h\u00e5per at dette blir en \u00e5rlig tradisjon. R\u00e5heim takker blant annet Tabarak, Kjell Ivar, Jocelyn, og barna fra Bagn skole med l\u00e6rer Gunhild. Hun takket alle som har bakt og brygget kaffe etter tradisjoner fra deres hjemland.<\/p>\n<p>R\u00e5heim fortalte om den norske tradisjonen med juletrefest og hun h\u00e5per at man vil fortsette denne tradisjonen. \u2013 Dere som ikke har v\u00e6rt med p\u00e5 juletrefest tidligere, h\u00e5per jeg har f\u00e5tt en ny tradisjon, avslutter R\u00e5heim.<\/p>\n<p>Det hele ble h\u00f8ytidelig avsluttet med \u00abDeilig Er Jorden\u00bb. Marit R\u00e5heim gjenga et sitat fra en kollega \u2013 \u00abJorden er deilig, men vi mennesker gj\u00f8r den ikke deilig\u00bb.<\/p>\n<p><em>Klikk p\u00e5 bildet for bildeserie<\/em><\/p>\n","protected":false},"excerpt":{"rendered":"<p>Tirsdag arrangerte Internasjonal kvinnekaf\u00e9 og R\u00f8de Kors bes\u00f8kstjeneste god gammeldags juletrefest i Glasshuset p\u00e5 S\u00f8r-Aurdal ungdomsskole (SAUS). Marit R\u00e5heim er leder for og initiativtaker til S\u00f8r-Aurdal R\u00f8de Kors Omsorg, og bes\u00f8kstjenesten. \u2013 Det startet med bes\u00f8kstjeneste for eldre, uf\u00f8re og enslige, og har de senere \u00e5r utviklet seg til \u00e5 omfavne innvandrere og bosatte flyktninger [&hellip;]<\/p>\n","protected":false},"author":2,"featured_media":24427,"comment_status":"open","ping_status":"open","sticky":false,"template":"","format":"standard","meta":{"footnotes":""},"categories":[81,86],"tags":[],"class_list":["post-24425","post","type-post","status-publish","format-standard","has-post-thumbnail","hentry","category-lag-og-foreninger","category-rode-kors"],"_links":{"self":[{"href":"https:\/\/bagn.no\/index.php?rest_route=\/wp\/v2\/posts\/24425","targetHints":{"allow":["GET"]}}],"collection":[{"href":"https:\/\/bagn.no\/index.php?rest_route=\/wp\/v2\/posts"}],"about":[{"href":"https:\/\/bagn.no\/index.php?rest_route=\/wp\/v2\/types\/post"}],"author":[{"embeddable":true,"href":"https:\/\/bagn.no\/index.php?rest_route=\/wp\/v2\/users\/2"}],"replies":[{"embeddable":true,"href":"https:\/\/bagn.no\/index.php?rest_route=%2Fwp%2Fv2%2Fcomments&post=24425"}],"version-history":[{"count":0,"href":"https:\/\/bagn.no\/index.php?rest_route=\/wp\/v2\/posts\/24425\/revisions"}],"wp:featuredmedia":[{"embeddable":true,"href":"https:\/\/bagn.no\/index.php?rest_route=\/wp\/v2\/media\/24427"}],"wp:attachment":[{"href":"https:\/\/bagn.no\/index.php?rest_route=%2Fwp%2Fv2%2Fmedia&parent=24425"}],"wp:term":[{"taxonomy":"category","embeddable":true,"href":"https:\/\/bagn.no\/index.php?rest_route=%2Fwp%2Fv2%2Fcategories&post=24425"},{"taxonomy":"post_tag","embeddable":true,"href":"https:\/\/bagn.no\/index.php?rest_route=%2Fwp%2Fv2%2Ftags&post=24425"}],"curies":[{"name":"wp","href":"https:\/\/api.w.org\/{rel}","templated":true}]}}