{"id":23892,"date":"2016-06-18T23:59:38","date_gmt":"2016-06-18T21:59:38","guid":{"rendered":"http:\/\/bagn.no\/?p=23892"},"modified":"2016-06-19T00:20:29","modified_gmt":"2016-06-18T22:20:29","slug":"valdres-sommersymfoni-i-begnadalen-2","status":"publish","type":"post","link":"https:\/\/bagn.no\/?p=23892","title":{"rendered":"Valdres Sommersymfoni i Begnadalen"},"content":{"rendered":"<p>S\u00f8r Aurdal kommune inviterer til konsert med Valdres Sommersymfoni &laquo;I et speil, i en g\u00e5te&raquo;<\/p>\n<p><strong>Tid:<\/strong> <strong>Mandag 27. juni 2016 kl. 18:30\u00a0 <img loading=\"lazy\" decoding=\"async\" class=\"alignright size-medium wp-image-23894\" src=\"http:\/\/bagn.no\/wp-content\/uploads\/2016\/06\/plakat_valdres_sommersymfoni_2016-red-300x168.jpg\" alt=\"plakat_valdres_sommersymfoni_2016 red\" width=\"300\" height=\"168\" \/><\/strong><\/p>\n<div id=\"ingress\">\n<div class=\"InnholdIngress\">\n<p><strong>Sted:<\/strong> <strong>Begnadalen kirke<\/strong><\/p>\n<\/div>\n<\/div>\n<div id=\"tekst\">\n<div class=\"InnholdTekst\">\n<p>LOKAL AVDELING:<br \/>\n<strong>Halvor Killi Gr\u00f8nhaug, sang<\/strong><br \/>\nKjell Ivar Vestrom, akk. Klaver<\/p>\n<p>VALDRES SOMMERSYMFONI:<br \/>\n<strong>Dana Zemtsov, bratsj<\/strong><br \/>\nfremf\u00f8rer suite nr. 3 i C-dur av Johann Sebastian Bach<\/p>\n<p><strong>Istv\u00e1n V\u00e1rdai, cello og<br \/>\nMarianna Shirinyan, klaver<\/strong><br \/>\nfremf\u00f8rer Cellosonate i g-moll op. 19 av Sergei Rachmaninoff<br \/>\n<strong>Billetter ved d\u00f8ren:<\/strong><br \/>\nVoksne kr. 200,-. Barn kr. 100,-.<br \/>\nVelkommen!<\/p>\n<p>Arrang\u00f8r: S\u00f8r-Aurdal kommune<\/p>\n<\/div>\n<\/div>\n","protected":false},"excerpt":{"rendered":"<p>S\u00f8r Aurdal kommune inviterer til konsert med Valdres Sommersymfoni &laquo;I et speil, i en g\u00e5te&raquo; Tid: Mandag 27. juni 2016 kl. 18:30\u00a0 Sted: Begnadalen kirke LOKAL AVDELING: Halvor Killi Gr\u00f8nhaug, sang Kjell Ivar Vestrom, akk. Klaver VALDRES SOMMERSYMFONI: Dana Zemtsov, bratsj fremf\u00f8rer suite nr. 3 i C-dur av Johann Sebastian Bach Istv\u00e1n V\u00e1rdai, cello og [&hellip;]<\/p>\n","protected":false},"author":3,"featured_media":0,"comment_status":"open","ping_status":"open","sticky":false,"template":"","format":"standard","meta":{"footnotes":""},"categories":[78],"tags":[],"class_list":["post-23892","post","type-post","status-publish","format-standard","hentry","category-kultur"],"_links":{"self":[{"href":"https:\/\/bagn.no\/index.php?rest_route=\/wp\/v2\/posts\/23892","targetHints":{"allow":["GET"]}}],"collection":[{"href":"https:\/\/bagn.no\/index.php?rest_route=\/wp\/v2\/posts"}],"about":[{"href":"https:\/\/bagn.no\/index.php?rest_route=\/wp\/v2\/types\/post"}],"author":[{"embeddable":true,"href":"https:\/\/bagn.no\/index.php?rest_route=\/wp\/v2\/users\/3"}],"replies":[{"embeddable":true,"href":"https:\/\/bagn.no\/index.php?rest_route=%2Fwp%2Fv2%2Fcomments&post=23892"}],"version-history":[{"count":0,"href":"https:\/\/bagn.no\/index.php?rest_route=\/wp\/v2\/posts\/23892\/revisions"}],"wp:attachment":[{"href":"https:\/\/bagn.no\/index.php?rest_route=%2Fwp%2Fv2%2Fmedia&parent=23892"}],"wp:term":[{"taxonomy":"category","embeddable":true,"href":"https:\/\/bagn.no\/index.php?rest_route=%2Fwp%2Fv2%2Fcategories&post=23892"},{"taxonomy":"post_tag","embeddable":true,"href":"https:\/\/bagn.no\/index.php?rest_route=%2Fwp%2Fv2%2Ftags&post=23892"}],"curies":[{"name":"wp","href":"https:\/\/api.w.org\/{rel}","templated":true}]}}