{"id":23871,"date":"2016-06-13T02:12:47","date_gmt":"2016-06-13T00:12:47","guid":{"rendered":"http:\/\/bagn.no\/?p=23871"},"modified":"2016-06-13T02:13:10","modified_gmt":"2016-06-13T00:13:10","slug":"konfirmasjoner-i-juni","status":"publish","type":"post","link":"https:\/\/bagn.no\/?p=23871","title":{"rendered":"Konfirmasjoner i juni"},"content":{"rendered":"<p><img loading=\"lazy\" decoding=\"async\" class=\"alignleft size-medium wp-image-23872\" src=\"http:\/\/bagn.no\/wp-content\/uploads\/2016\/06\/Reinli-konfirmanter-300x200.jpg\" alt=\"Reinli-konfirmanter\" width=\"300\" height=\"200\" srcset=\"\/wp-content\/uploads\/2016\/06\/Reinli-konfirmanter-300x200.jpg 300w, \/wp-content\/uploads\/2016\/06\/Reinli-konfirmanter-600x400.jpg 600w, \/wp-content\/uploads\/2016\/06\/Reinli-konfirmanter-768x512.jpg 768w, \/wp-content\/uploads\/2016\/06\/Reinli-konfirmanter.jpg 960w\" sizes=\"auto, (max-width: 300px) 100vw, 300px\" \/>12.juni ble det avholdt konfirmasjon i Reinli og i Begnadalen.<\/p>\n<p>P\u00e5 bildet fra Reinli (foto: Rune Larheim) ser vi fra venstre Mari Western prest, Elisabeth Bj\u00f8rnstad, Aleksander Navrud, Kristoffer Hjelleset og Erik B\u00f8en. Forrige s\u00f8ndag var det Bagn Kyrkje og Mari prest som inviterte til konfirmasjon.\u00a0 <img loading=\"lazy\" decoding=\"async\" class=\"alignright size-medium wp-image-23873\" src=\"http:\/\/bagn.no\/wp-content\/uploads\/2016\/06\/DSC_0528-300x201.jpg\" alt=\"DSC_0528\" width=\"300\" height=\"201\" srcset=\"\/wp-content\/uploads\/2016\/06\/DSC_0528-300x201.jpg 300w, \/wp-content\/uploads\/2016\/06\/DSC_0528-600x402.jpg 600w, \/wp-content\/uploads\/2016\/06\/DSC_0528-768x514.jpg 768w, \/wp-content\/uploads\/2016\/06\/DSC_0528-1024x685.jpg 1024w\" sizes=\"auto, (max-width: 300px) 100vw, 300px\" \/>Her\u00a0 ser vi fra venstre: Eskil Thorsrud Lid, Marius T.F\u00f8nhus, Roy-Arne Kolsrud Lindelien, Joakim Dokken, Marielle Hagadokken og Tiril \u00d8stg\u00e5rd samt Mari prest.\u00a0 Bagn.no gratulerer.<\/p>\n","protected":false},"excerpt":{"rendered":"<p>12.juni ble det avholdt konfirmasjon i Reinli og i Begnadalen. P\u00e5 bildet fra Reinli (foto: Rune Larheim) ser vi fra venstre Mari Western prest, Elisabeth Bj\u00f8rnstad, Aleksander Navrud, Kristoffer Hjelleset og Erik B\u00f8en. Forrige s\u00f8ndag var det Bagn Kyrkje og Mari prest som inviterte til konfirmasjon.\u00a0 Her\u00a0 ser vi fra venstre: Eskil Thorsrud Lid, Marius [&hellip;]<\/p>\n","protected":false},"author":3,"featured_media":23872,"comment_status":"open","ping_status":"open","sticky":false,"template":"","format":"standard","meta":{"footnotes":""},"categories":[76],"tags":[],"class_list":["post-23871","post","type-post","status-publish","format-standard","has-post-thumbnail","hentry","category-kirke"],"_links":{"self":[{"href":"https:\/\/bagn.no\/index.php?rest_route=\/wp\/v2\/posts\/23871","targetHints":{"allow":["GET"]}}],"collection":[{"href":"https:\/\/bagn.no\/index.php?rest_route=\/wp\/v2\/posts"}],"about":[{"href":"https:\/\/bagn.no\/index.php?rest_route=\/wp\/v2\/types\/post"}],"author":[{"embeddable":true,"href":"https:\/\/bagn.no\/index.php?rest_route=\/wp\/v2\/users\/3"}],"replies":[{"embeddable":true,"href":"https:\/\/bagn.no\/index.php?rest_route=%2Fwp%2Fv2%2Fcomments&post=23871"}],"version-history":[{"count":0,"href":"https:\/\/bagn.no\/index.php?rest_route=\/wp\/v2\/posts\/23871\/revisions"}],"wp:featuredmedia":[{"embeddable":true,"href":"https:\/\/bagn.no\/index.php?rest_route=\/wp\/v2\/media\/23872"}],"wp:attachment":[{"href":"https:\/\/bagn.no\/index.php?rest_route=%2Fwp%2Fv2%2Fmedia&parent=23871"}],"wp:term":[{"taxonomy":"category","embeddable":true,"href":"https:\/\/bagn.no\/index.php?rest_route=%2Fwp%2Fv2%2Fcategories&post=23871"},{"taxonomy":"post_tag","embeddable":true,"href":"https:\/\/bagn.no\/index.php?rest_route=%2Fwp%2Fv2%2Ftags&post=23871"}],"curies":[{"name":"wp","href":"https:\/\/api.w.org\/{rel}","templated":true}]}}