{"id":23787,"date":"2016-05-07T22:19:02","date_gmt":"2016-05-07T20:19:02","guid":{"rendered":"http:\/\/bagn.no\/?p=23787"},"modified":"2016-05-07T22:19:02","modified_gmt":"2016-05-07T20:19:02","slug":"idedugnad-for-utvikling-av-bagn","status":"publish","type":"post","link":"https:\/\/bagn.no\/?p=23787","title":{"rendered":"Id\u00e8dugnad for utvikling av Bagn"},"content":{"rendered":"<p><strong>V<img loading=\"lazy\" decoding=\"async\" class=\"alignleft size-medium wp-image-23788\" src=\"http:\/\/bagn.no\/wp-content\/uploads\/2016\/05\/utviklingavBagn-300x146.jpg\" alt=\"utviklingavBagn\" width=\"300\" height=\"146\" \/>elkommen til<\/strong><\/p>\n<p><strong>ID\u00c8DUGNAD FOR UTVIKLING AV BAGN<\/strong><\/p>\n<p><strong>Kommunestyresalen, torsdag 12. mai klokken 09 \u2013 11.<\/strong><\/p>\n<p>Grunneiere, organisasjoner, innbyggere og andre interesserte inviteres til \u00e5 v\u00e6re med p\u00e5 id\u00e8dugnad for utvikling av Bagn. \u00d8nsket er \u00e5 se p\u00e5 omr\u00e5der for boligbygging, n\u00e6ringsutvikling og andre muligheter for b\u00e5de Bagn sentrum og omr\u00e5det rundt. Bakgrunnen for dugnaden er arbeidet med ny kommunedelplan for Bagn.<\/p>\n<p>Kan du ikke komme?<\/p>\n<p>Send dine id\u00e8er p\u00e5 e-post til bente.lindahl@sor-aurdal.kommune.no.<\/p>\n<p>Du kan lese planprogrammet og f\u00e5 mer informasjon p\u00e5<\/p>\n<p><a href=\"http:\/\/www.sor-aurdal.kommune.no\/\">www.sor-aurdal.kommune.no<\/a>.<\/p>\n<p>&nbsp;<\/p>\n<p>Fra planavdelingen, S\u00f8r-Aurdal kommune<\/p>\n","protected":false},"excerpt":{"rendered":"<p>Velkommen til ID\u00c8DUGNAD FOR UTVIKLING AV BAGN Kommunestyresalen, torsdag 12. mai klokken 09 \u2013 11. Grunneiere, organisasjoner, innbyggere og andre interesserte inviteres til \u00e5 v\u00e6re med p\u00e5 id\u00e8dugnad for utvikling av Bagn. \u00d8nsket er \u00e5 se p\u00e5 omr\u00e5der for boligbygging, n\u00e6ringsutvikling og andre muligheter for b\u00e5de Bagn sentrum og omr\u00e5det rundt. Bakgrunnen for dugnaden er [&hellip;]<\/p>\n","protected":false},"author":3,"featured_media":0,"comment_status":"open","ping_status":"open","sticky":false,"template":"","format":"standard","meta":{"footnotes":""},"categories":[147],"tags":[],"class_list":["post-23787","post","type-post","status-publish","format-standard","hentry","category-sor-aurdal-kommune-2"],"_links":{"self":[{"href":"https:\/\/bagn.no\/index.php?rest_route=\/wp\/v2\/posts\/23787","targetHints":{"allow":["GET"]}}],"collection":[{"href":"https:\/\/bagn.no\/index.php?rest_route=\/wp\/v2\/posts"}],"about":[{"href":"https:\/\/bagn.no\/index.php?rest_route=\/wp\/v2\/types\/post"}],"author":[{"embeddable":true,"href":"https:\/\/bagn.no\/index.php?rest_route=\/wp\/v2\/users\/3"}],"replies":[{"embeddable":true,"href":"https:\/\/bagn.no\/index.php?rest_route=%2Fwp%2Fv2%2Fcomments&post=23787"}],"version-history":[{"count":0,"href":"https:\/\/bagn.no\/index.php?rest_route=\/wp\/v2\/posts\/23787\/revisions"}],"wp:attachment":[{"href":"https:\/\/bagn.no\/index.php?rest_route=%2Fwp%2Fv2%2Fmedia&parent=23787"}],"wp:term":[{"taxonomy":"category","embeddable":true,"href":"https:\/\/bagn.no\/index.php?rest_route=%2Fwp%2Fv2%2Fcategories&post=23787"},{"taxonomy":"post_tag","embeddable":true,"href":"https:\/\/bagn.no\/index.php?rest_route=%2Fwp%2Fv2%2Ftags&post=23787"}],"curies":[{"name":"wp","href":"https:\/\/api.w.org\/{rel}","templated":true}]}}