{"id":22813,"date":"2015-08-26T12:05:32","date_gmt":"2015-08-26T10:05:32","guid":{"rendered":"http:\/\/bagn.no\/?p=22813"},"modified":"2015-08-26T12:05:32","modified_gmt":"2015-08-26T10:05:32","slug":"leirskogsdagen-5-september","status":"publish","type":"post","link":"https:\/\/bagn.no\/?p=22813","title":{"rendered":"Leirskogsdagen 5. september"},"content":{"rendered":"<p><a href=\"http:\/\/bagn.no\/wp-content\/uploads\/2015\/08\/Logo-Leirskogsdagen.png\"><img loading=\"lazy\" decoding=\"async\" class=\"alignleft size-full wp-image-22815\" src=\"http:\/\/bagn.no\/wp-content\/uploads\/2015\/08\/Logo-Leirskogsdagen.png\" alt=\"Logo Leirskogsdagen\" width=\"228\" height=\"221\" \/><\/a><\/p>\n<p>Den etter hvert s\u00e5 tradisjonelle Leirskogsdagen avholdes<\/p>\n<p>l\u00f8rdag 5. september p\u00e5 Leirskogen Grendehus.<\/p>\n<p>Sett av dagen til en trivelig l\u00f8rdag p\u00e5 Leirskogen!<!--more--><\/p>\n<p>Det\u00a0blir allsidig underholdning med trubaduren Rolf Arne Lie Holter, folkemusiker Bergljot Hedda Lunde fra Etnedal, og vi h\u00e5per ogs\u00e5 at utflytta spelemann\u00a0Erland Joplassen kommer.<\/p>\n<p>Det blir ulike aktiviteter og konkurranser, og presentasjon av n\u00e6ringene i og i n\u00e6rheten av Leirskogen.<\/p>\n<p>Salg av r\u00f8mmegr\u00f8t og spekemat, og vanlig kiosksalg. Boder og utstillinger. Loddsalg.<\/p>\n<p>Program legges ut seinere p\u00e5 bagn.no.<\/p>\n<p>For mer informasjon, ta gjerne kontakt med leder for arrangemenskomiteen, Bente Br\u00e5ten Dokken, 95973019.<\/p>\n","protected":false},"excerpt":{"rendered":"<p>Den etter hvert s\u00e5 tradisjonelle Leirskogsdagen avholdes l\u00f8rdag 5. september p\u00e5 Leirskogen Grendehus. Sett av dagen til en trivelig l\u00f8rdag p\u00e5 Leirskogen!<\/p>\n","protected":false},"author":18,"featured_media":22815,"comment_status":"open","ping_status":"open","sticky":false,"template":"","format":"standard","meta":{"footnotes":""},"categories":[78],"tags":[],"class_list":["post-22813","post","type-post","status-publish","format-standard","has-post-thumbnail","hentry","category-kultur"],"_links":{"self":[{"href":"https:\/\/bagn.no\/index.php?rest_route=\/wp\/v2\/posts\/22813","targetHints":{"allow":["GET"]}}],"collection":[{"href":"https:\/\/bagn.no\/index.php?rest_route=\/wp\/v2\/posts"}],"about":[{"href":"https:\/\/bagn.no\/index.php?rest_route=\/wp\/v2\/types\/post"}],"author":[{"embeddable":true,"href":"https:\/\/bagn.no\/index.php?rest_route=\/wp\/v2\/users\/18"}],"replies":[{"embeddable":true,"href":"https:\/\/bagn.no\/index.php?rest_route=%2Fwp%2Fv2%2Fcomments&post=22813"}],"version-history":[{"count":0,"href":"https:\/\/bagn.no\/index.php?rest_route=\/wp\/v2\/posts\/22813\/revisions"}],"wp:featuredmedia":[{"embeddable":true,"href":"https:\/\/bagn.no\/index.php?rest_route=\/wp\/v2\/media\/22815"}],"wp:attachment":[{"href":"https:\/\/bagn.no\/index.php?rest_route=%2Fwp%2Fv2%2Fmedia&parent=22813"}],"wp:term":[{"taxonomy":"category","embeddable":true,"href":"https:\/\/bagn.no\/index.php?rest_route=%2Fwp%2Fv2%2Fcategories&post=22813"},{"taxonomy":"post_tag","embeddable":true,"href":"https:\/\/bagn.no\/index.php?rest_route=%2Fwp%2Fv2%2Ftags&post=22813"}],"curies":[{"name":"wp","href":"https:\/\/api.w.org\/{rel}","templated":true}]}}