{"id":22797,"date":"2015-08-23T22:34:35","date_gmt":"2015-08-23T20:34:35","guid":{"rendered":"http:\/\/bagn.no\/?p=22797"},"modified":"2015-09-13T23:10:20","modified_gmt":"2015-09-13T21:10:20","slug":"grendacup-naermer-seg","status":"publish","type":"post","link":"https:\/\/bagn.no\/?p=22797","title":{"rendered":"Grendacup n\u00e6rmer seg!"},"content":{"rendered":"<p><a href=\"http:\/\/bagn.no\/wp-content\/uploads\/2015\/08\/grendacup2015.jpg\"><img loading=\"lazy\" decoding=\"async\" class=\"alignleft wp-image-22798\" src=\"http:\/\/bagn.no\/wp-content\/uploads\/2015\/08\/grendacup2015.jpg\" alt=\"grendacup2015\" width=\"133\" height=\"187\" srcset=\"\/wp-content\/uploads\/2015\/08\/grendacup2015.jpg 685w, \/wp-content\/uploads\/2015\/08\/grendacup2015-600x841.jpg 600w, \/wp-content\/uploads\/2015\/08\/grendacup2015-214x300.jpg 214w\" sizes=\"auto, (max-width: 133px) 100vw, 133px\" \/><\/a>Det n\u00e6rmer seg sterkt \u00e5rets grendacup p\u00e5 Fossvang. Vi starter kl 10 og spiller p\u00e5 6 baner p\u00e5 Fossvang. \u00a0Premier til alle opp til 12 \u00e5r. Klasse 0-7 \u00e5r m\u00f8ttest ved 3er banene kl 11 for \u00e5 sikre at alle f\u00e5r v\u00e6re med. S\u00e5 er du fra 0-7 \u00e5r og har lyst til \u00e5 v\u00e6re med s\u00e5 m\u00f8t opp. (H\u00f8lera og \u00d8stre Bagn er klare allerede) Vi trenger ogs\u00e5 folk til kiosken b\u00e5de dag og kveld.<\/p>\n<p>F\u00f8lg p\u00e5 facebook <a href=\"https:\/\/www.facebook.com\/events\/1648856965335200\/\" target=\"_blank\">Grendacupen p\u00e5 Facebook<\/a><\/p>\n<p>Bekreftede p\u00e5meldinger s\u00e5 langt med kontaktperson. ta kontakt for \u00e5 bli med!<\/p>\n<p>&nbsp;<\/p>\n<p>17-34 \u00e5r menn<br \/>\nBegnadalen (John Arild Lien)<br \/>\nVestre Bagn (Toni Solhaug)<br \/>\nReinli (Vegard Fremgaard)<br \/>\nH\u00f8lera (Thor Arne Hagen)<br \/>\n\u00d8stre Bagn (Stian Haugrud)<\/p>\n<p>35 \u00e5r menn +<br \/>\nVestre Bagn (Steinar Skjerve)<br \/>\n\u00d8stre Bagn (Svein Gr\u00e5n\u00e5s)<br \/>\nH\u00f8lera (Knut Hansen)<br \/>\nLeirskogen (Oddvin S\u00f8rb\u00f8en)<\/p>\n<p>Dameklassen<br \/>\nVestre Bagn (Randi Haug)<br \/>\nH\u00f8lera (Solfrid Olmhus)<br \/>\nBegnadalen (Cathrine Hagen)<br \/>\nReinli (Linda Fjeld)<br \/>\n\u00d8stre Bagn<\/p>\n<p>8-11 \u00e5r<br \/>\nH\u00f8lera (Jane Langedrag)<br \/>\n\u00d8stre Bagn 1 (Monica Juvkam)<br \/>\n\u00d8stre Bagn 2 (Monica Juvkam)<br \/>\n\u00d8stre Bagn 3 (Monica Juvkam)<br \/>\nVestre Bagn (Bj\u00f8rg Eva Storr\u00f8)<\/p>\n<p>0-7 \u00e5r<br \/>\nH\u00f8lera Ragnhild Langedrag<br \/>\n\u00d8stre Bagn<\/p>\n<p>0-7 \u00e5r m\u00f8ter opp ved 3er banene kl 11 s\u00e5 sikrer vi at alle finner et lag. S\u00e5 her m\u00f8ter dere opp om det ikke er organisert eget lag. Alle f\u00e5r spille og vi setter opp s\u00e5 jevne lag som mulig.<\/p>\n<p>Finner du ikke lag i din klasse, men har lyst til \u00e5 v\u00e6re med? Sp\u00f8rsm\u00e5l eller p\u00e5meldinger, feil eller lignende kontakt Morten p\u00e5 mortenminstemann@hotmail.com\/mob 906 76 108 eller Steinar Skjerve p\u00e5 92 22 48 81 (steinarskjerve@me.com)<\/p>\n<p>Draktfargene er slik:<\/p>\n<p>Leirskogen &#8211; gr\u00f8nne drakter<\/p>\n<p>\u00d8stre Bagn &#8211; r\u00f8de drakter<\/p>\n<p>Vestre Bagn &#8211; gule drakter<\/p>\n<p>H\u00f8lera &#8211; svarte drakter<\/p>\n<p>Reinli &#8211; hvite drakter<\/p>\n<p>Begnadalen &#8211; bl\u00e5 drakter<\/p>\n<p>Det spilles etter vanlige fotballregler 5er og 7er etter antall spillere i de eldre klassene. Fortrinnsvis 7er om begge lag har nok spillere. Under 12 er det 5erfotball. Kampoppsettet kommer i l\u00f8pet av uka.<\/p>\n<p>&nbsp;<\/p>\n","protected":false},"excerpt":{"rendered":"<p>Det n\u00e6rmer seg sterkt \u00e5rets grendacup p\u00e5 Fossvang. Vi starter kl 10 og spiller p\u00e5 6 baner p\u00e5 Fossvang. \u00a0Premier til alle opp til 12 \u00e5r. Klasse 0-7 \u00e5r m\u00f8ttest ved 3er banene kl 11 for \u00e5 sikre at alle f\u00e5r v\u00e6re med. S\u00e5 er du fra 0-7 \u00e5r og har lyst til \u00e5 v\u00e6re [&hellip;]<\/p>\n","protected":false},"author":4,"featured_media":22798,"comment_status":"open","ping_status":"open","sticky":false,"template":"","format":"standard","meta":{"footnotes":""},"categories":[67],"tags":[],"class_list":["post-22797","post","type-post","status-publish","format-standard","has-post-thumbnail","hentry","category-bagn-il"],"_links":{"self":[{"href":"https:\/\/bagn.no\/index.php?rest_route=\/wp\/v2\/posts\/22797","targetHints":{"allow":["GET"]}}],"collection":[{"href":"https:\/\/bagn.no\/index.php?rest_route=\/wp\/v2\/posts"}],"about":[{"href":"https:\/\/bagn.no\/index.php?rest_route=\/wp\/v2\/types\/post"}],"author":[{"embeddable":true,"href":"https:\/\/bagn.no\/index.php?rest_route=\/wp\/v2\/users\/4"}],"replies":[{"embeddable":true,"href":"https:\/\/bagn.no\/index.php?rest_route=%2Fwp%2Fv2%2Fcomments&post=22797"}],"version-history":[{"count":0,"href":"https:\/\/bagn.no\/index.php?rest_route=\/wp\/v2\/posts\/22797\/revisions"}],"wp:featuredmedia":[{"embeddable":true,"href":"https:\/\/bagn.no\/index.php?rest_route=\/wp\/v2\/media\/22798"}],"wp:attachment":[{"href":"https:\/\/bagn.no\/index.php?rest_route=%2Fwp%2Fv2%2Fmedia&parent=22797"}],"wp:term":[{"taxonomy":"category","embeddable":true,"href":"https:\/\/bagn.no\/index.php?rest_route=%2Fwp%2Fv2%2Fcategories&post=22797"},{"taxonomy":"post_tag","embeddable":true,"href":"https:\/\/bagn.no\/index.php?rest_route=%2Fwp%2Fv2%2Ftags&post=22797"}],"curies":[{"name":"wp","href":"https:\/\/api.w.org\/{rel}","templated":true}]}}