{"id":22778,"date":"2015-08-18T23:02:23","date_gmt":"2015-08-18T21:02:23","guid":{"rendered":"http:\/\/bagn.no\/?p=22778"},"modified":"2015-08-18T23:02:23","modified_gmt":"2015-08-18T21:02:23","slug":"apen-dag-med-husflidsprodukter","status":"publish","type":"post","link":"https:\/\/bagn.no\/?p=22778","title":{"rendered":"\u00c5pen dag med husflidsprodukter"},"content":{"rendered":"<div id=\"attachment_22779\" style=\"width: 310px\" class=\"wp-caption alignleft\"><a href=\"http:\/\/bagn.no\/wp-content\/uploads\/2015\/08\/hedalen.no_.jpg\"><img loading=\"lazy\" decoding=\"async\" aria-describedby=\"caption-attachment-22779\" class=\"wp-image-22779 size-medium\" src=\"http:\/\/bagn.no\/wp-content\/uploads\/2015\/08\/hedalen.no_-300x225.jpg\" alt=\"hedalen.no\" width=\"300\" height=\"225\" \/><\/a><p id=\"caption-attachment-22779\" class=\"wp-caption-text\">Foto: Hedalen.no<\/p><\/div>\n<p><strong>Hedalen kunst \u2013og husflidslag skal ha sin \u00e5rlige salgsmesse \u00ab\u00c5pen dag\u00bb <\/strong><\/p>\n<p><strong>s\u00f8ndag 11. oktober 2015 fra kl 1300-1700.<\/strong><\/p>\n<ul>\n<li>Salgsmessen er p\u00e5 Nordre lokalet i Hedalen og \u00e5pner for utstillere kl 1130<\/li>\n<\/ul>\n<ul>\n<li>Vi h\u00e5per hver utstiller vil bidra med en gevinst.\u00a0 Utstillere f\u00e5r en svele og en kaffe\/te gratis. Utstillere har selv ansvar for sin stand<\/li>\n<\/ul>\n<p>&nbsp;<\/p>\n<p>Vi h\u00e5per du har lyst til \u00e5 komme. P\u00e5melding til Gro Skinningsrud innen 1.9.15.<\/p>\n<p>E-post: <a href=\"mailto:fihool@frisurf.no\">fihool@frisurf.no<\/a>\u00a0\u00a0\u00a0 SMS : 906 66526<\/p>\n<p>VELKOMMEN!<\/p>\n<p>Med vennlig hilsen Hedalen kunst \u2013og husflidslag<\/p>\n","protected":false},"excerpt":{"rendered":"<p>Hedalen kunst \u2013og husflidslag skal ha sin \u00e5rlige salgsmesse \u00ab\u00c5pen dag\u00bb s\u00f8ndag 11. oktober 2015 fra kl 1300-1700. Salgsmessen er p\u00e5 Nordre lokalet i Hedalen og \u00e5pner for utstillere kl 1130 Vi h\u00e5per hver utstiller vil bidra med en gevinst.\u00a0 Utstillere f\u00e5r en svele og en kaffe\/te gratis. Utstillere har selv ansvar for sin stand [&hellip;]<\/p>\n","protected":false},"author":3,"featured_media":0,"comment_status":"open","ping_status":"open","sticky":false,"template":"","format":"standard","meta":{"footnotes":""},"categories":[78,81,83],"tags":[],"class_list":["post-22778","post","type-post","status-publish","format-standard","hentry","category-kultur","category-lag-og-foreninger","category-naering"],"_links":{"self":[{"href":"https:\/\/bagn.no\/index.php?rest_route=\/wp\/v2\/posts\/22778","targetHints":{"allow":["GET"]}}],"collection":[{"href":"https:\/\/bagn.no\/index.php?rest_route=\/wp\/v2\/posts"}],"about":[{"href":"https:\/\/bagn.no\/index.php?rest_route=\/wp\/v2\/types\/post"}],"author":[{"embeddable":true,"href":"https:\/\/bagn.no\/index.php?rest_route=\/wp\/v2\/users\/3"}],"replies":[{"embeddable":true,"href":"https:\/\/bagn.no\/index.php?rest_route=%2Fwp%2Fv2%2Fcomments&post=22778"}],"version-history":[{"count":0,"href":"https:\/\/bagn.no\/index.php?rest_route=\/wp\/v2\/posts\/22778\/revisions"}],"wp:attachment":[{"href":"https:\/\/bagn.no\/index.php?rest_route=%2Fwp%2Fv2%2Fmedia&parent=22778"}],"wp:term":[{"taxonomy":"category","embeddable":true,"href":"https:\/\/bagn.no\/index.php?rest_route=%2Fwp%2Fv2%2Fcategories&post=22778"},{"taxonomy":"post_tag","embeddable":true,"href":"https:\/\/bagn.no\/index.php?rest_route=%2Fwp%2Fv2%2Ftags&post=22778"}],"curies":[{"name":"wp","href":"https:\/\/api.w.org\/{rel}","templated":true}]}}