{"id":22771,"date":"2015-08-13T21:13:57","date_gmt":"2015-08-13T19:13:57","guid":{"rendered":"http:\/\/bagn.no\/?p=22771"},"modified":"2015-08-13T21:13:57","modified_gmt":"2015-08-13T19:13:57","slug":"friluftslivets-ar-laer-a-bruke-naturen","status":"publish","type":"post","link":"https:\/\/bagn.no\/?p=22771","title":{"rendered":"Friluftslivets \u00e5r- l\u00e6r \u00e5 bruke naturen"},"content":{"rendered":"<p><strong><a href=\"http:\/\/bagn.no\/wp-content\/uploads\/2015\/08\/kartogkompass.jpg\"><img loading=\"lazy\" decoding=\"async\" class=\"alignleft size-full wp-image-22772\" src=\"http:\/\/bagn.no\/wp-content\/uploads\/2015\/08\/kartogkompass.jpg\" alt=\"kartogkompass\" width=\"210\" height=\"240\" \/><\/a>I samarbeid med Bagn R\u00f8de Kors, arrangeres det <u>kurs i bruk av kart og kompass<\/u>, samt en innf\u00f8ring i <u>bruk av GPS<\/u>. <\/strong><\/p>\n<p>Forum for Natur- og Friluftsliv Oppland deltar v\/Ole Morten Fossli, og informerer om Friluftslivets \u00e5r i Oppland.<\/p>\n<p>Folkehelsekoordinator Ida Bl\u00e5fjelldal informerer om det som er planlagt for S\u00f8r-Aurdal og Valdres.<\/p>\n<p>Det oppfordres til \u00e5 ha med kart over S\u00f8r-Valdres med bestillingsnr.: 2555, dette dekker alle Turkarusellm\u00e5lene for S\u00f8r-Aurdal. Det vil ogs\u00e5 v\u00e6re nyttig \u00e5 ha med kompass. Begge deler f\u00e5s kj\u00f8pt p\u00e5 G-Sport Bagn.<\/p>\n<p><strong><u>Kommunestyresalen i 1. etg. p\u00e5 Tingvoll 20. august kl. 18.00. Vi sees!\u00a0 Vel m\u00f8tt!<\/u><\/strong><\/p>\n","protected":false},"excerpt":{"rendered":"<p>I samarbeid med Bagn R\u00f8de Kors, arrangeres det kurs i bruk av kart og kompass, samt en innf\u00f8ring i bruk av GPS. Forum for Natur- og Friluftsliv Oppland deltar v\/Ole Morten Fossli, og informerer om Friluftslivets \u00e5r i Oppland. Folkehelsekoordinator Ida Bl\u00e5fjelldal informerer om det som er planlagt for S\u00f8r-Aurdal og Valdres. Det oppfordres til [&hellip;]<\/p>\n","protected":false},"author":3,"featured_media":22772,"comment_status":"open","ping_status":"open","sticky":false,"template":"","format":"standard","meta":{"footnotes":""},"categories":[147],"tags":[],"class_list":["post-22771","post","type-post","status-publish","format-standard","has-post-thumbnail","hentry","category-sor-aurdal-kommune-2"],"_links":{"self":[{"href":"https:\/\/bagn.no\/index.php?rest_route=\/wp\/v2\/posts\/22771","targetHints":{"allow":["GET"]}}],"collection":[{"href":"https:\/\/bagn.no\/index.php?rest_route=\/wp\/v2\/posts"}],"about":[{"href":"https:\/\/bagn.no\/index.php?rest_route=\/wp\/v2\/types\/post"}],"author":[{"embeddable":true,"href":"https:\/\/bagn.no\/index.php?rest_route=\/wp\/v2\/users\/3"}],"replies":[{"embeddable":true,"href":"https:\/\/bagn.no\/index.php?rest_route=%2Fwp%2Fv2%2Fcomments&post=22771"}],"version-history":[{"count":0,"href":"https:\/\/bagn.no\/index.php?rest_route=\/wp\/v2\/posts\/22771\/revisions"}],"wp:featuredmedia":[{"embeddable":true,"href":"https:\/\/bagn.no\/index.php?rest_route=\/wp\/v2\/media\/22772"}],"wp:attachment":[{"href":"https:\/\/bagn.no\/index.php?rest_route=%2Fwp%2Fv2%2Fmedia&parent=22771"}],"wp:term":[{"taxonomy":"category","embeddable":true,"href":"https:\/\/bagn.no\/index.php?rest_route=%2Fwp%2Fv2%2Fcategories&post=22771"},{"taxonomy":"post_tag","embeddable":true,"href":"https:\/\/bagn.no\/index.php?rest_route=%2Fwp%2Fv2%2Ftags&post=22771"}],"curies":[{"name":"wp","href":"https:\/\/api.w.org\/{rel}","templated":true}]}}