{"id":22213,"date":"2015-04-10T17:06:32","date_gmt":"2015-04-10T15:06:32","guid":{"rendered":"http:\/\/bagn.no\/?p=22213"},"modified":"2015-04-10T17:06:32","modified_gmt":"2015-04-10T15:06:32","slug":"markering-av-krigsutbruddet","status":"publish","type":"post","link":"https:\/\/bagn.no\/?p=22213","title":{"rendered":"Markering av krigsutbruddet"},"content":{"rendered":"<p><a href=\"http:\/\/bagn.no\/wp-content\/uploads\/2015\/04\/Bergatn.jpg\"><img loading=\"lazy\" decoding=\"async\" class=\"alignleft size-medium wp-image-22214\" src=\"http:\/\/bagn.no\/wp-content\/uploads\/2015\/04\/Bergatn-300x205.jpg\" alt=\"Bergatn\" width=\"300\" height=\"205\" srcset=\"\/wp-content\/uploads\/2015\/04\/Bergatn-300x205.jpg 300w, \/wp-content\/uploads\/2015\/04\/Bergatn-600x410.jpg 600w, \/wp-content\/uploads\/2015\/04\/Bergatn.jpg 720w\" sizes=\"auto, (max-width: 300px) 100vw, 300px\" \/><\/a>9.april\u00a0var det 75 \u00e5r siden 2.verdenskrig startet. Det vil bli en markering p\u00e5 biblioteket <strong>l<\/strong><span style=\"text-decoration: underline;\"><strong>\u00f8rdag 11.april, kl. 11.00<\/strong>.<\/span> Kristian Bergsund vil holde foredrag om det som hendte i S\u00f8r-Aurdal aprildagene 1940. Det vil ogs\u00e5 bli visning av filmen &laquo;Bagn 1940&raquo; som handler om krigshandlingene p\u00e5 Bangsbergatn rett ovenfor Bagn sentrum.<\/p>\n<p>Gratis inngang, enkel servering.<\/p>\n","protected":false},"excerpt":{"rendered":"<p>9.april\u00a0var det 75 \u00e5r siden 2.verdenskrig startet. Det vil bli en markering p\u00e5 biblioteket l\u00f8rdag 11.april, kl. 11.00. Kristian Bergsund vil holde foredrag om det som hendte i S\u00f8r-Aurdal aprildagene 1940. Det vil ogs\u00e5 bli visning av filmen &laquo;Bagn 1940&raquo; som handler om krigshandlingene p\u00e5 Bangsbergatn rett ovenfor Bagn sentrum. Gratis inngang, enkel servering.<\/p>\n","protected":false},"author":3,"featured_media":22214,"comment_status":"open","ping_status":"open","sticky":false,"template":"","format":"standard","meta":{"footnotes":""},"categories":[78],"tags":[],"class_list":["post-22213","post","type-post","status-publish","format-standard","has-post-thumbnail","hentry","category-kultur"],"_links":{"self":[{"href":"https:\/\/bagn.no\/index.php?rest_route=\/wp\/v2\/posts\/22213","targetHints":{"allow":["GET"]}}],"collection":[{"href":"https:\/\/bagn.no\/index.php?rest_route=\/wp\/v2\/posts"}],"about":[{"href":"https:\/\/bagn.no\/index.php?rest_route=\/wp\/v2\/types\/post"}],"author":[{"embeddable":true,"href":"https:\/\/bagn.no\/index.php?rest_route=\/wp\/v2\/users\/3"}],"replies":[{"embeddable":true,"href":"https:\/\/bagn.no\/index.php?rest_route=%2Fwp%2Fv2%2Fcomments&post=22213"}],"version-history":[{"count":0,"href":"https:\/\/bagn.no\/index.php?rest_route=\/wp\/v2\/posts\/22213\/revisions"}],"wp:featuredmedia":[{"embeddable":true,"href":"https:\/\/bagn.no\/index.php?rest_route=\/wp\/v2\/media\/22214"}],"wp:attachment":[{"href":"https:\/\/bagn.no\/index.php?rest_route=%2Fwp%2Fv2%2Fmedia&parent=22213"}],"wp:term":[{"taxonomy":"category","embeddable":true,"href":"https:\/\/bagn.no\/index.php?rest_route=%2Fwp%2Fv2%2Fcategories&post=22213"},{"taxonomy":"post_tag","embeddable":true,"href":"https:\/\/bagn.no\/index.php?rest_route=%2Fwp%2Fv2%2Ftags&post=22213"}],"curies":[{"name":"wp","href":"https:\/\/api.w.org\/{rel}","templated":true}]}}