{"id":21756,"date":"2015-01-31T23:45:30","date_gmt":"2015-01-31T22:45:30","guid":{"rendered":"http:\/\/bagn.no\/?p=21756"},"modified":"2015-02-01T00:18:33","modified_gmt":"2015-01-31T23:18:33","slug":"fest-for-alle-frivillige-sondag","status":"publish","type":"post","link":"https:\/\/bagn.no\/?p=21756","title":{"rendered":"Fest for friluftsinteresserte p\u00e5 s\u00f8ndag"},"content":{"rendered":"<p><a href=\"http:\/\/bagn.no\/wp-content\/uploads\/2015\/02\/SteinPAasheim.jpg\"><img loading=\"lazy\" decoding=\"async\" class=\"alignleft size-full wp-image-21758\" src=\"http:\/\/bagn.no\/wp-content\/uploads\/2015\/02\/SteinPAasheim.jpg\" alt=\"SteinPAasheim\" width=\"202\" height=\"249\" \/><\/a>Valdres Natur- og Kulturpark og Valdres Friluftsr\u00e5d \u00f8nsker \u00e5 takke de frivillige som har bist\u00e5tt i arbeidet med prosjekter i Valdres. Valdresnaturen har f\u00e5tt et stort l\u00f8ft med tilrettelagte stier og l\u00f8yper, takket v\u00e6re all dugnadsinnsats fra frivillige gjennom flere \u00e5r! Dette vil vi vise at vi setter pris p\u00e5.<\/p>\n<p><em>Velkommen!<\/em><\/p>\n<p><strong>Dato: S\u00f8ndag 1. februar kl.14.00- ca 16.30<\/strong><\/p>\n<p><strong>Sted: Fagernes hotell<\/strong><\/p>\n<p>Les om festen i avisa Valdres:<\/p>\n<p><a title=\"Fest for friluftsinteresserte\" href=\"http:\/\/www.avisa-valdres.no\/__Plass_til_alle_p__friluftsfesten_med_Stein_P__Aasheim-5-54-2367.html\">http:\/\/www.avisa-valdres.no\/__Plass_til_alle_p__friluftsfesten_med_Stein_P__Aasheim-5-54-2367.html<\/a><\/p>\n<p>Mat: \u201cSmak av Valdres\u201d \u2013 fingermat<\/p>\n<p>Program for dagen:<\/p>\n<ul>\n<li>Takk\/info om Gjensidigeprosjektene skilt og klopper<\/li>\n<li>Lansering av Valdrestur<\/li>\n<li>Lokale helter<\/li>\n<li>Lansering av varmebuer<\/li>\n<li>VNK takker<\/li>\n<li>Stein P. Aasheim<\/li>\n<\/ul>\n","protected":false},"excerpt":{"rendered":"<p>Valdres Natur- og Kulturpark og Valdres Friluftsr\u00e5d \u00f8nsker \u00e5 takke de frivillige som har bist\u00e5tt i arbeidet med prosjekter i Valdres. Valdresnaturen har f\u00e5tt et stort l\u00f8ft med tilrettelagte stier og l\u00f8yper, takket v\u00e6re all dugnadsinnsats fra frivillige gjennom flere \u00e5r! Dette vil vi vise at vi setter pris p\u00e5. Velkommen! Dato: S\u00f8ndag 1. februar [&hellip;]<\/p>\n","protected":false},"author":3,"featured_media":21758,"comment_status":"open","ping_status":"open","sticky":false,"template":"","format":"standard","meta":{"footnotes":""},"categories":[1],"tags":[],"class_list":["post-21756","post","type-post","status-publish","format-standard","has-post-thumbnail","hentry","category-ukategorisert"],"_links":{"self":[{"href":"https:\/\/bagn.no\/index.php?rest_route=\/wp\/v2\/posts\/21756","targetHints":{"allow":["GET"]}}],"collection":[{"href":"https:\/\/bagn.no\/index.php?rest_route=\/wp\/v2\/posts"}],"about":[{"href":"https:\/\/bagn.no\/index.php?rest_route=\/wp\/v2\/types\/post"}],"author":[{"embeddable":true,"href":"https:\/\/bagn.no\/index.php?rest_route=\/wp\/v2\/users\/3"}],"replies":[{"embeddable":true,"href":"https:\/\/bagn.no\/index.php?rest_route=%2Fwp%2Fv2%2Fcomments&post=21756"}],"version-history":[{"count":0,"href":"https:\/\/bagn.no\/index.php?rest_route=\/wp\/v2\/posts\/21756\/revisions"}],"wp:featuredmedia":[{"embeddable":true,"href":"https:\/\/bagn.no\/index.php?rest_route=\/wp\/v2\/media\/21758"}],"wp:attachment":[{"href":"https:\/\/bagn.no\/index.php?rest_route=%2Fwp%2Fv2%2Fmedia&parent=21756"}],"wp:term":[{"taxonomy":"category","embeddable":true,"href":"https:\/\/bagn.no\/index.php?rest_route=%2Fwp%2Fv2%2Fcategories&post=21756"},{"taxonomy":"post_tag","embeddable":true,"href":"https:\/\/bagn.no\/index.php?rest_route=%2Fwp%2Fv2%2Ftags&post=21756"}],"curies":[{"name":"wp","href":"https:\/\/api.w.org\/{rel}","templated":true}]}}