{"id":21527,"date":"2015-01-03T22:14:40","date_gmt":"2015-01-03T21:14:40","guid":{"rendered":"http:\/\/bagn.no\/?p=21527"},"modified":"2015-01-03T23:48:52","modified_gmt":"2015-01-03T22:48:52","slug":"romjulstreff-for-yngre-soraurdoler","status":"publish","type":"post","link":"https:\/\/bagn.no\/?p=21527","title":{"rendered":"Romjulstreff for yngre s\u00f8raurd\u00f8ler"},"content":{"rendered":"<p><strong><a href=\"http:\/\/bagn.no\/wp-content\/uploads\/2015\/01\/14.12.26-Utflytt-S\u00f8r-Aurd\u00f8l-42.jpg\"><img loading=\"lazy\" decoding=\"async\" class=\"alignleft size-medium wp-image-21528\" src=\"http:\/\/bagn.no\/wp-content\/uploads\/2015\/01\/14.12.26-Utflytt-S\u00f8r-Aurd\u00f8l-42-300x199.jpg\" alt=\"14.12.26 Utflytt S\u00f8r-Aurd\u00f8l (42)\" width=\"300\" height=\"199\" srcset=\"\/wp-content\/uploads\/2015\/01\/14.12.26-Utflytt-S\u00f8r-Aurd\u00f8l-42-300x199.jpg 300w, \/wp-content\/uploads\/2015\/01\/14.12.26-Utflytt-S\u00f8r-Aurd\u00f8l-42-1024x680.jpg 1024w\" sizes=\"auto, (max-width: 300px) 100vw, 300px\" \/><\/a>I romjula var godt over 60 unge S\u00f8r-Aurd\u00f8ler, b\u00e5de bofaste og utflyttede, samlet til lystig fest med tapas p\u00e5 Valdres Mathus<\/strong>.<\/p>\n<div id=\"attachment_21529\" style=\"width: 310px\" class=\"wp-caption alignright\"><a href=\"http:\/\/bagn.no\/wp-content\/uploads\/2015\/01\/14.12.26-Utflytt-S\u00f8r-Aurd\u00f8l-7.jpg\"><img loading=\"lazy\" decoding=\"async\" aria-describedby=\"caption-attachment-21529\" class=\"wp-image-21529 size-medium\" src=\"http:\/\/bagn.no\/wp-content\/uploads\/2015\/01\/14.12.26-Utflytt-S\u00f8r-Aurd\u00f8l-7-300x199.jpg\" alt=\"14.12.26 Utflytt S\u00f8r-Aurd\u00f8l (7)\" width=\"300\" height=\"199\" srcset=\"\/wp-content\/uploads\/2015\/01\/14.12.26-Utflytt-S\u00f8r-Aurd\u00f8l-7-300x199.jpg 300w, \/wp-content\/uploads\/2015\/01\/14.12.26-Utflytt-S\u00f8r-Aurd\u00f8l-7-1024x680.jpg 1024w\" sizes=\"auto, (max-width: 300px) 100vw, 300px\" \/><\/a><p id=\"caption-attachment-21529\" class=\"wp-caption-text\">Engasjert arrang\u00f8r-gjeng<\/p><\/div>\n<p>Initiativtaker var Espen Bl\u00e5fjelldal fra Bagn ILs bolystprosjekt i samarbeid med S\u00f8r-Aurdal kommune. \u00d8nsket var \u00e5 bringe de unge sammen for \u00e5 skape relasjoner og gj\u00f8re det hyggelig \u00e5 komme hjem til S\u00f8r-Aurdal. Samtidig var det et lite ledd i langsiktig arbeid for \u00e5 f\u00e5 bygdas unge til \u00e5 komme hjem og sl\u00e5 rot etter endt utdanning. Inspirasjonen kom fra Vang, der det har v\u00e6rt arrangert slike romjulstreff i flere \u00e5r.<\/p>\n<p>Ordf\u00f8rer K\u00e5re Helland deltok p\u00e5 festen og holdt en innledning med litt skryt om kommunen og en \u00f8rliten orientering om markedsgruppa i S\u00f8r Aurdal kommune. Gruppa er ledet av Olav Kristian Huseby og den jobber for \u00e5 skape utvikling i S\u00f8r-Aurdal, spesielt med tanke p\u00e5 de unge.\u00a0\u00a0 Ordf\u00f8reren oppfordret alle til \u00e5 gi tilbakemeldinger om hvordan det kunne legges til rette for at de skulle se kommunen som et attraktivt, fremtidig bosted.<\/p>\n<p><a href=\"http:\/\/bagn.no\/wp-content\/uploads\/2015\/01\/14.12.26-Utflytt-S\u00f8r-Aurd\u00f8l-2.jpg\"><img loading=\"lazy\" decoding=\"async\" class=\"alignleft size-medium wp-image-21530\" src=\"http:\/\/bagn.no\/wp-content\/uploads\/2015\/01\/14.12.26-Utflytt-S\u00f8r-Aurd\u00f8l-2-300x199.jpg\" alt=\"14.12.26 Utflytt S\u00f8r-Aurd\u00f8l (2)\" width=\"300\" height=\"199\" srcset=\"\/wp-content\/uploads\/2015\/01\/14.12.26-Utflytt-S\u00f8r-Aurd\u00f8l-2-300x199.jpg 300w, \/wp-content\/uploads\/2015\/01\/14.12.26-Utflytt-S\u00f8r-Aurd\u00f8l-2-1024x680.jpg 1024w\" sizes=\"auto, (max-width: 300px) 100vw, 300px\" \/><\/a>Tapasen og vinen p\u00e5 Valdres Mathus fikk ben \u00e5 g\u00e5 p\u00e5 denne kvelden, og alle s\u00e5 ut til \u00e5 ha en riktig festlig kveld. En liten runde blant festdeltakerne avsl\u00f8rte at alle syntes det var hyggelig \u00e5 m\u00f8te igjen gamle kjente og alle h\u00e5pet at tiltaket ville bli en fast tradisjon. P\u00e5 sp\u00f8rsm\u00e5l om de f\u00f8r eller siden ville flytte hjem igjen, var ikke svarene fullt s\u00e5 entydige. Mange var under utdanning og var usikre p\u00e5 hva framtida ville bringe. Noen var spesielt opptatt av kultur, og tvilte p\u00e5 om de kunne finne \u00f8nsket musikkmilj\u00f8 i S\u00f8r-Aurdal. Trine Fremgaard fra Reinli er sivil\u00f8konom og har god jobb og familie i Kongsberg. Hun anbefaler kommunen \u00e5 unders\u00f8ke systematisk og langsiktig hva som m\u00e5 til for \u00e5 f\u00e5 ungdom med h\u00f8y utdanning hjem igjen. I tr\u00e5d med behovene som kommer fram, m\u00e5 kommunen v\u00e5ge \u00e5 investere og satse s\u00e5 det monner. Broren Ole Marius er sivilingeni\u00f8r. Han sitter i Trondheim og arbeider med et bruprosjekt p\u00e5 Vestlandet. Han kunne teoretisk like gjerne gjort jobben i S\u00f8r-Aurdal, men for at det skulle v\u00e6re aktuelt, m\u00e5tte det legges til rette for et st\u00f8rre milj\u00f8 der mange med h\u00f8yere utdanning kunne spille p\u00e5 hverandre og samarbeide.\u00a0 <a href=\"http:\/\/bagn.no\/wp-content\/uploads\/2015\/01\/14.12.26-Utflytt-S\u00f8r-Aurd\u00f8l-35.jpg\"><img loading=\"lazy\" decoding=\"async\" class=\"alignleft size-medium wp-image-21533\" src=\"http:\/\/bagn.no\/wp-content\/uploads\/2015\/01\/14.12.26-Utflytt-S\u00f8r-Aurd\u00f8l-35-300x199.jpg\" alt=\"14.12.26 Utflytt S\u00f8r-Aurd\u00f8l (35)\" width=\"300\" height=\"199\" srcset=\"\/wp-content\/uploads\/2015\/01\/14.12.26-Utflytt-S\u00f8r-Aurd\u00f8l-35-300x199.jpg 300w, \/wp-content\/uploads\/2015\/01\/14.12.26-Utflytt-S\u00f8r-Aurd\u00f8l-35-1024x680.jpg 1024w\" sizes=\"auto, (max-width: 300px) 100vw, 300px\" \/><\/a><a href=\"http:\/\/bagn.no\/wp-content\/uploads\/2015\/01\/14.12.26-Utflytt-S\u00f8r-Aurd\u00f8l-9.jpg\"><img loading=\"lazy\" decoding=\"async\" class=\"alignright size-medium wp-image-21531\" src=\"http:\/\/bagn.no\/wp-content\/uploads\/2015\/01\/14.12.26-Utflytt-S\u00f8r-Aurd\u00f8l-9-300x199.jpg\" alt=\"14.12.26 Utflytt S\u00f8r-Aurd\u00f8l (9)\" width=\"300\" height=\"199\" srcset=\"\/wp-content\/uploads\/2015\/01\/14.12.26-Utflytt-S\u00f8r-Aurd\u00f8l-9-300x199.jpg 300w, \/wp-content\/uploads\/2015\/01\/14.12.26-Utflytt-S\u00f8r-Aurd\u00f8l-9-1024x680.jpg 1024w\" sizes=\"auto, (max-width: 300px) 100vw, 300px\" \/><\/a><\/p>\n<p><a href=\"http:\/\/bagn.no\/wp-content\/uploads\/2015\/01\/14.12.26-Utflytt-S\u00f8r-Aurd\u00f8l-10.jpg\"><img loading=\"lazy\" decoding=\"async\" class=\"alignleft size-medium wp-image-21532\" src=\"http:\/\/bagn.no\/wp-content\/uploads\/2015\/01\/14.12.26-Utflytt-S\u00f8r-Aurd\u00f8l-10-300x199.jpg\" alt=\"14.12.26 Utflytt S\u00f8r-Aurd\u00f8l (10)\" width=\"300\" height=\"199\" srcset=\"\/wp-content\/uploads\/2015\/01\/14.12.26-Utflytt-S\u00f8r-Aurd\u00f8l-10-300x199.jpg 300w, \/wp-content\/uploads\/2015\/01\/14.12.26-Utflytt-S\u00f8r-Aurd\u00f8l-10-1024x680.jpg 1024w\" sizes=\"auto, (max-width: 300px) 100vw, 300px\" \/><\/a>Relasjoner ble definitivt bygd denne kvelden, og skal en d\u00f8mme etter stemningen, s\u00e5 vil ikke det sosiale aspektet v\u00e6re til hinder for hjemflytting. Forh\u00e5pentligvis fikk ordf\u00f8reren, Huseby og Bl\u00e5fjelldal med seg mange gode tips om hvordan holde p\u00e5 S\u00f8r-Aurd\u00f8l\u2019n.<\/p>\n<p>Romjulstreff har nok kommet for \u00e5 bli, og da er tanken at arrangementssted skal\u00a0variere.\u00a0Neste \u00e5r blir treffet lagt til en s\u00f8rligere del av kommunen.<a href=\"http:\/\/bagn.no\/wp-content\/uploads\/2015\/01\/14.12.26-Utflytt-S\u00f8r-Aurd\u00f8l-47.jpg\"><img loading=\"lazy\" decoding=\"async\" class=\"alignright size-medium wp-image-21536\" src=\"http:\/\/bagn.no\/wp-content\/uploads\/2015\/01\/14.12.26-Utflytt-S\u00f8r-Aurd\u00f8l-47-300x199.jpg\" alt=\"14.12.26 Utflytt S\u00f8r-Aurd\u00f8l (47)\" width=\"300\" height=\"199\" srcset=\"\/wp-content\/uploads\/2015\/01\/14.12.26-Utflytt-S\u00f8r-Aurd\u00f8l-47-300x199.jpg 300w, \/wp-content\/uploads\/2015\/01\/14.12.26-Utflytt-S\u00f8r-Aurd\u00f8l-47-1024x680.jpg 1024w\" sizes=\"auto, (max-width: 300px) 100vw, 300px\" \/><\/a>\u00a0 <a href=\"http:\/\/bagn.no\/wp-content\/uploads\/2015\/01\/14.12.26-Utflytt-S\u00f8r-Aurd\u00f8l-37.jpg\"><img loading=\"lazy\" decoding=\"async\" class=\"alignleft size-medium wp-image-21534\" src=\"http:\/\/bagn.no\/wp-content\/uploads\/2015\/01\/14.12.26-Utflytt-S\u00f8r-Aurd\u00f8l-37-300x199.jpg\" alt=\"14.12.26 Utflytt S\u00f8r-Aurd\u00f8l (37)\" width=\"300\" height=\"199\" srcset=\"\/wp-content\/uploads\/2015\/01\/14.12.26-Utflytt-S\u00f8r-Aurd\u00f8l-37-300x199.jpg 300w, \/wp-content\/uploads\/2015\/01\/14.12.26-Utflytt-S\u00f8r-Aurd\u00f8l-37-1024x680.jpg 1024w\" sizes=\"auto, (max-width: 300px) 100vw, 300px\" \/><\/a><\/p>\n","protected":false},"excerpt":{"rendered":"<p>I romjula var godt over 60 unge S\u00f8r-Aurd\u00f8ler, b\u00e5de bofaste og utflyttede, samlet til lystig fest med tapas p\u00e5 Valdres Mathus. Initiativtaker var Espen Bl\u00e5fjelldal fra Bagn ILs bolystprosjekt i samarbeid med S\u00f8r-Aurdal kommune. \u00d8nsket var \u00e5 bringe de unge sammen for \u00e5 skape relasjoner og gj\u00f8re det hyggelig \u00e5 komme hjem til S\u00f8r-Aurdal. Samtidig [&hellip;]<\/p>\n","protected":false},"author":3,"featured_media":21528,"comment_status":"open","ping_status":"open","sticky":false,"template":"","format":"standard","meta":{"footnotes":""},"categories":[71,73,147],"tags":[],"class_list":["post-21527","post","type-post","status-publish","format-standard","has-post-thumbnail","hentry","category-bygdeutviklingsprosjektet","category-nyheter","category-sor-aurdal-kommune-2"],"_links":{"self":[{"href":"https:\/\/bagn.no\/index.php?rest_route=\/wp\/v2\/posts\/21527","targetHints":{"allow":["GET"]}}],"collection":[{"href":"https:\/\/bagn.no\/index.php?rest_route=\/wp\/v2\/posts"}],"about":[{"href":"https:\/\/bagn.no\/index.php?rest_route=\/wp\/v2\/types\/post"}],"author":[{"embeddable":true,"href":"https:\/\/bagn.no\/index.php?rest_route=\/wp\/v2\/users\/3"}],"replies":[{"embeddable":true,"href":"https:\/\/bagn.no\/index.php?rest_route=%2Fwp%2Fv2%2Fcomments&post=21527"}],"version-history":[{"count":0,"href":"https:\/\/bagn.no\/index.php?rest_route=\/wp\/v2\/posts\/21527\/revisions"}],"wp:featuredmedia":[{"embeddable":true,"href":"https:\/\/bagn.no\/index.php?rest_route=\/wp\/v2\/media\/21528"}],"wp:attachment":[{"href":"https:\/\/bagn.no\/index.php?rest_route=%2Fwp%2Fv2%2Fmedia&parent=21527"}],"wp:term":[{"taxonomy":"category","embeddable":true,"href":"https:\/\/bagn.no\/index.php?rest_route=%2Fwp%2Fv2%2Fcategories&post=21527"},{"taxonomy":"post_tag","embeddable":true,"href":"https:\/\/bagn.no\/index.php?rest_route=%2Fwp%2Fv2%2Ftags&post=21527"}],"curies":[{"name":"wp","href":"https:\/\/api.w.org\/{rel}","templated":true}]}}