{"id":20925,"date":"2014-09-23T01:59:16","date_gmt":"2014-09-22T23:59:16","guid":{"rendered":"http:\/\/bagn.no\/?p=20925"},"modified":"2014-09-23T01:59:16","modified_gmt":"2014-09-22T23:59:16","slug":"leserinnlegg-savner-lokalprodusert-mat","status":"publish","type":"post","link":"https:\/\/bagn.no\/?p=20925","title":{"rendered":"Leserinnlegg:  Savner lokalprodusert mat"},"content":{"rendered":"<p><a href=\"http:\/\/bagn.no\/wp-content\/uploads\/2014\/09\/Gildekj\u00f8tt.jpg\"><img loading=\"lazy\" decoding=\"async\" class=\"alignleft size-full wp-image-20933\" src=\"http:\/\/bagn.no\/wp-content\/uploads\/2014\/09\/Gildekj\u00f8tt.jpg\" alt=\"Gildekj\u00f8tt\" width=\"269\" height=\"187\" \/><\/a>Jeg er en hytteeier som har funnet dr\u00f8mmestedet p\u00e5 Nordre Fjellst\u00f8len. Vi stortrives her og i Valdres generelt. Har nettopp lest siste utgaven av Valdresmagasinet og ble veldig glad n\u00e5r jeg leste om planene for det nye bakeriet. Det blir veldig bra!<\/p>\n<p>Det jeg savner i Bagn spesielt, men ogs\u00e5 p\u00e5 Leira og i Fagernes, &#8211; er en matbutikk med et bedre utvalg av kj\u00f8tt, fisk og gjerne lokale varer. Jeg og sikkert mange hytteeiere med meg, \u00f8nsker \u00e5 bruke det lokale tilbudet. Jeg fyller p\u00e5 Statoil, jeg handler p\u00e5 G-Sport og jeg bruker Steinar Kleven og det lokale polet, men jeg kvier meg for \u00e5 bruke Spar butikken, fordi det er s\u00e5 kjedelig og til dels d\u00e5rlig utvalg. N\u00e5r vi kommer oppover p\u00e5 fredagene \u00f8nsker vi noe godt og spennende, og vi er villig til \u00e5 betale for det. Men, n\u00e5r det som ligger klart og venter er svinekoteletter, kj\u00f8ttdeig og overpriset vanlig Gilde kj\u00f8tt, er det mer fristende \u00e5 kj\u00f8pe med noe godt hjemmefra.<\/p>\n<p>N\u00e5r det finnes s\u00e5 mye god (lokal) mat \u00e5 velge i, og n\u00e5 som det kommer skikkelig h\u00e5ndverksbakeri, burde noen se et marked for et bedre mattilbud for de horder av hyttefolk som kommer hver helg, (sikkert ogs\u00e5 mange lokale som kunne tenke seg et mer variert tilbud).<\/p>\n<p>Dr\u00f8mmen er en slakter ved siden av bakeriet, men det blir vel bare en dr\u00f8m. Uansett burde det v\u00e6re mulig med en oppgradering i forhold til dagens tilbud\u2026<\/p>\n<p>Er jeg den eneste som savner et slikt tilbud???<\/p>\n<p>Mvh. Morten Edland<\/p>\n","protected":false},"excerpt":{"rendered":"<p>Jeg er en hytteeier som har funnet dr\u00f8mmestedet p\u00e5 Nordre Fjellst\u00f8len. Vi stortrives her og i Valdres generelt. Har nettopp lest siste utgaven av Valdresmagasinet og ble veldig glad n\u00e5r jeg leste om planene for det nye bakeriet. Det blir veldig bra! Det jeg savner i Bagn spesielt, men ogs\u00e5 p\u00e5 Leira og i Fagernes, [&hellip;]<\/p>\n","protected":false},"author":3,"featured_media":20933,"comment_status":"open","ping_status":"open","sticky":false,"template":"","format":"standard","meta":{"footnotes":""},"categories":[146,83],"tags":[],"class_list":["post-20925","post","type-post","status-publish","format-standard","has-post-thumbnail","hentry","category-leserinnlegg","category-naering"],"_links":{"self":[{"href":"https:\/\/bagn.no\/index.php?rest_route=\/wp\/v2\/posts\/20925","targetHints":{"allow":["GET"]}}],"collection":[{"href":"https:\/\/bagn.no\/index.php?rest_route=\/wp\/v2\/posts"}],"about":[{"href":"https:\/\/bagn.no\/index.php?rest_route=\/wp\/v2\/types\/post"}],"author":[{"embeddable":true,"href":"https:\/\/bagn.no\/index.php?rest_route=\/wp\/v2\/users\/3"}],"replies":[{"embeddable":true,"href":"https:\/\/bagn.no\/index.php?rest_route=%2Fwp%2Fv2%2Fcomments&post=20925"}],"version-history":[{"count":0,"href":"https:\/\/bagn.no\/index.php?rest_route=\/wp\/v2\/posts\/20925\/revisions"}],"wp:featuredmedia":[{"embeddable":true,"href":"https:\/\/bagn.no\/index.php?rest_route=\/wp\/v2\/media\/20933"}],"wp:attachment":[{"href":"https:\/\/bagn.no\/index.php?rest_route=%2Fwp%2Fv2%2Fmedia&parent=20925"}],"wp:term":[{"taxonomy":"category","embeddable":true,"href":"https:\/\/bagn.no\/index.php?rest_route=%2Fwp%2Fv2%2Fcategories&post=20925"},{"taxonomy":"post_tag","embeddable":true,"href":"https:\/\/bagn.no\/index.php?rest_route=%2Fwp%2Fv2%2Ftags&post=20925"}],"curies":[{"name":"wp","href":"https:\/\/api.w.org\/{rel}","templated":true}]}}