{"id":19425,"date":"2014-01-30T23:41:35","date_gmt":"2014-01-30T22:41:35","guid":{"rendered":"http:\/\/bagn.no\/?p=19425"},"modified":"2014-01-30T23:43:18","modified_gmt":"2014-01-30T22:43:18","slug":"sterke-lop-av-even-i-val-di-fiemme","status":"publish","type":"post","link":"https:\/\/bagn.no\/?p=19425","title":{"rendered":"Sterke l\u00f8p av Even i Val di Fiemme"},"content":{"rendered":"<p><a href=\"http:\/\/bagn.no\/wp-content\/uploads\/2014\/01\/Even.jpg\"><img loading=\"lazy\" decoding=\"async\" class=\"alignleft size-medium wp-image-19426\" alt=\"Even\" src=\"http:\/\/bagn.no\/wp-content\/uploads\/2014\/01\/Even-300x216.jpg\" width=\"300\" height=\"216\" srcset=\"\/wp-content\/uploads\/2014\/01\/Even-300x216.jpg 300w, \/wp-content\/uploads\/2014\/01\/Even-600x433.jpg 600w, \/wp-content\/uploads\/2014\/01\/Even-1024x738.jpg 1024w\" sizes=\"auto, (max-width: 300px) 100vw, 300px\" \/><\/a>Even S\u00e6teren Hippe gikk en sv\u00e6rt god prolog for deretter \u00e5\u00a0utklasse konkurrentene i\u00a0sitt kvartfinale heat under\u00a0junior-VM i Val di Fiemme p\u00e5 onsdag.\u00a0 I semifinalen gikk det derimot ikke helt Evens vei.\u00a0\u00a0I f\u00f8lge ham selv mistet han fart pga litt\u00a0&laquo;tull&raquo; i f\u00f8rste sving og selv om han etter hvert kom ajour med de andre igjen, s\u00e5 hadde han ikke mer \u00e5 gi p\u00e5 oppl\u00f8pet.\u00a0 Hadde han hatt\u00a0en bedre plassering i feltet\u00a0s\u00e5 kanskje det kunne g\u00e5tt, men marginene var ikke p\u00e5 hans side.<\/p>\n<p>Even hadde finaleplass som m\u00e5l, og er litt skuffet over at han ikke n\u00e5dde det, men han gledet seg over erfaringen og forsikrer at dette ga mersmak.\u00a0 Det er f\u00f8rste, men helt \u00a0sikkert ikke siste gang vi ser Even representere Norge i et internasjonalt skirenn p\u00e5 TV.<\/p>\n<p>Neste skirenn n\u00e5 blir enten Skandinavisk cup p\u00e5 Mer\u00e5ker\u00a07.-9.februar eller Norgescup i Vind IL 14.-16.februar.\u00a0 Lykke til Even!<\/p>\n<p>Se intervju med Even etter junior-VM her:\u00a0 <a href=\"http:\/\/www.oa.no\/nyheter\/valdres\/article7136091.ece\">http:\/\/www.oa.no\/nyheter\/valdres\/article7136091.ece<\/a><\/p>\n","protected":false},"excerpt":{"rendered":"<p>Even S\u00e6teren Hippe gikk en sv\u00e6rt god prolog for deretter \u00e5\u00a0utklasse konkurrentene i\u00a0sitt kvartfinale heat under\u00a0junior-VM i Val di Fiemme p\u00e5 onsdag.\u00a0 I semifinalen gikk det derimot ikke helt Evens vei.\u00a0\u00a0I f\u00f8lge ham selv mistet han fart pga litt\u00a0&laquo;tull&raquo; i f\u00f8rste sving og selv om han etter hvert kom ajour med de andre igjen, s\u00e5 [&hellip;]<\/p>\n","protected":false},"author":3,"featured_media":19426,"comment_status":"open","ping_status":"open","sticky":false,"template":"","format":"standard","meta":{"footnotes":""},"categories":[74],"tags":[],"class_list":["post-19425","post","type-post","status-publish","format-standard","has-post-thumbnail","hentry","category-idrett"],"_links":{"self":[{"href":"https:\/\/bagn.no\/index.php?rest_route=\/wp\/v2\/posts\/19425","targetHints":{"allow":["GET"]}}],"collection":[{"href":"https:\/\/bagn.no\/index.php?rest_route=\/wp\/v2\/posts"}],"about":[{"href":"https:\/\/bagn.no\/index.php?rest_route=\/wp\/v2\/types\/post"}],"author":[{"embeddable":true,"href":"https:\/\/bagn.no\/index.php?rest_route=\/wp\/v2\/users\/3"}],"replies":[{"embeddable":true,"href":"https:\/\/bagn.no\/index.php?rest_route=%2Fwp%2Fv2%2Fcomments&post=19425"}],"version-history":[{"count":0,"href":"https:\/\/bagn.no\/index.php?rest_route=\/wp\/v2\/posts\/19425\/revisions"}],"wp:featuredmedia":[{"embeddable":true,"href":"https:\/\/bagn.no\/index.php?rest_route=\/wp\/v2\/media\/19426"}],"wp:attachment":[{"href":"https:\/\/bagn.no\/index.php?rest_route=%2Fwp%2Fv2%2Fmedia&parent=19425"}],"wp:term":[{"taxonomy":"category","embeddable":true,"href":"https:\/\/bagn.no\/index.php?rest_route=%2Fwp%2Fv2%2Fcategories&post=19425"},{"taxonomy":"post_tag","embeddable":true,"href":"https:\/\/bagn.no\/index.php?rest_route=%2Fwp%2Fv2%2Ftags&post=19425"}],"curies":[{"name":"wp","href":"https:\/\/api.w.org\/{rel}","templated":true}]}}