{"id":19195,"date":"2014-01-09T21:54:33","date_gmt":"2014-01-09T20:54:33","guid":{"rendered":"http:\/\/bagn.no\/?p=19195"},"modified":"2014-01-09T22:29:09","modified_gmt":"2014-01-09T21:29:09","slug":"even-til-junior-vm-i-val-di-fiemme","status":"publish","type":"post","link":"https:\/\/bagn.no\/?p=19195","title":{"rendered":"Even til junior-VM i Val di Fiemme"},"content":{"rendered":"<p><a href=\"http:\/\/bagn.no\/wp-content\/uploads\/2014\/01\/3504857627_5260816a.jpg\"><img loading=\"lazy\" decoding=\"async\" class=\"alignleft size-medium wp-image-19196\" alt=\"3504857627_5260816a\" src=\"http:\/\/bagn.no\/wp-content\/uploads\/2014\/01\/3504857627_5260816a-300x199.jpg\" width=\"300\" height=\"199\" srcset=\"\/wp-content\/uploads\/2014\/01\/3504857627_5260816a-300x199.jpg 300w, \/wp-content\/uploads\/2014\/01\/3504857627_5260816a-600x398.jpg 600w, \/wp-content\/uploads\/2014\/01\/3504857627_5260816a.jpg 978w\" sizes=\"auto, (max-width: 300px) 100vw, 300px\" \/><\/a>Etter str\u00e5lende resultater p\u00e5 uttaksrenn p\u00e5 Lygna og Sjusj\u00f8en i vinter, er Even S\u00e6teren Hippe tatt med i den forel\u00f8pige troppen p\u00e5 5 gutter og 5 jenter som skal til junior-VM. Vi gleder oss med Even og ser fram til 27.januar n\u00e5r VM starter.\u00a0 Les mer p\u00e5<\/p>\n<p><a href=\"http:\/\/www.oa.no\/nyheter\/valdres\/article7092198.ece?ns_campaign=article&amp;ns_mchannel=recommend_button&amp;ns_source=facebook&amp;ns_linkname=facebook&amp;ns_fee=0&amp;fb_action_ids=10202176292521687&amp;fb_action_types=og.recommends&amp;fb_source=other_multiline&amp;action_object_map=%5B586570494757975%5D&amp;action_type_map=%5B%22og.recommends%22%5D&amp;action_ref_map=%5B%5D\">http:\/\/www.oa.no\/nyheter\/valdres\/article7092198.ece?<\/a><\/p>\n<p><em>Foto: oa.no<\/em><\/p>\n","protected":false},"excerpt":{"rendered":"<p>Etter str\u00e5lende resultater p\u00e5 uttaksrenn p\u00e5 Lygna og Sjusj\u00f8en i vinter, er Even S\u00e6teren Hippe tatt med i den forel\u00f8pige troppen p\u00e5 5 gutter og 5 jenter som skal til junior-VM. Vi gleder oss med Even og ser fram til 27.januar n\u00e5r VM starter.\u00a0 Les mer p\u00e5 http:\/\/www.oa.no\/nyheter\/valdres\/article7092198.ece? Foto: oa.no<\/p>\n","protected":false},"author":3,"featured_media":19196,"comment_status":"open","ping_status":"open","sticky":false,"template":"","format":"standard","meta":{"footnotes":""},"categories":[74,73],"tags":[],"class_list":["post-19195","post","type-post","status-publish","format-standard","has-post-thumbnail","hentry","category-idrett","category-nyheter"],"_links":{"self":[{"href":"https:\/\/bagn.no\/index.php?rest_route=\/wp\/v2\/posts\/19195","targetHints":{"allow":["GET"]}}],"collection":[{"href":"https:\/\/bagn.no\/index.php?rest_route=\/wp\/v2\/posts"}],"about":[{"href":"https:\/\/bagn.no\/index.php?rest_route=\/wp\/v2\/types\/post"}],"author":[{"embeddable":true,"href":"https:\/\/bagn.no\/index.php?rest_route=\/wp\/v2\/users\/3"}],"replies":[{"embeddable":true,"href":"https:\/\/bagn.no\/index.php?rest_route=%2Fwp%2Fv2%2Fcomments&post=19195"}],"version-history":[{"count":0,"href":"https:\/\/bagn.no\/index.php?rest_route=\/wp\/v2\/posts\/19195\/revisions"}],"wp:featuredmedia":[{"embeddable":true,"href":"https:\/\/bagn.no\/index.php?rest_route=\/wp\/v2\/media\/19196"}],"wp:attachment":[{"href":"https:\/\/bagn.no\/index.php?rest_route=%2Fwp%2Fv2%2Fmedia&parent=19195"}],"wp:term":[{"taxonomy":"category","embeddable":true,"href":"https:\/\/bagn.no\/index.php?rest_route=%2Fwp%2Fv2%2Fcategories&post=19195"},{"taxonomy":"post_tag","embeddable":true,"href":"https:\/\/bagn.no\/index.php?rest_route=%2Fwp%2Fv2%2Ftags&post=19195"}],"curies":[{"name":"wp","href":"https:\/\/api.w.org\/{rel}","templated":true}]}}