{"id":19142,"date":"2014-01-02T23:52:13","date_gmt":"2014-01-02T22:52:13","guid":{"rendered":"http:\/\/bagn.no\/?p=19142"},"modified":"2014-01-03T00:44:01","modified_gmt":"2014-01-02T23:44:01","slug":"revy-2014-vil-du-vaere-med","status":"publish","type":"post","link":"https:\/\/bagn.no\/?p=19142","title":{"rendered":"Revy 2014 &#8211; vil du v\u00e6re med?"},"content":{"rendered":"<p><a href=\"http:\/\/bagn.no\/wp-content\/uploads\/2014\/01\/12.02.25-revy-8.jpg\"><img loading=\"lazy\" decoding=\"async\" class=\"alignleft size-medium wp-image-19143\" alt=\"12.02.25 revy (8)\" src=\"http:\/\/bagn.no\/wp-content\/uploads\/2014\/01\/12.02.25-revy-8-300x199.jpg\" width=\"300\" height=\"199\" \/><\/a>\u00a0Vil du v\u00e6re med, s\u00e5 ta kontakt med Mirian eller Malin. Planlegging og skriving er i full gang! Alle som vil v\u00e6re med &#8211;\u00a0p\u00e5 eller av scenen &#8211;\u00a0m\u00f8tes <strong>p\u00e5 Frivilligsentralen 11. januar kl 12.00<\/strong>. Vil du v\u00e6re med, men kan ikke\u00a0komme 11. januar. Si ifra!<\/p>\n<p>Forestillinger planlegges til <strong>fredag 21. februar og l\u00f8rdag 22. februar<\/strong><\/p>\n<p>Malin: 97422335<br \/>\nMirian: 45391609<\/p>\n","protected":false},"excerpt":{"rendered":"<p>\u00a0Vil du v\u00e6re med, s\u00e5 ta kontakt med Mirian eller Malin. Planlegging og skriving er i full gang! Alle som vil v\u00e6re med &#8211;\u00a0p\u00e5 eller av scenen &#8211;\u00a0m\u00f8tes p\u00e5 Frivilligsentralen 11. januar kl 12.00. Vil du v\u00e6re med, men kan ikke\u00a0komme 11. januar. Si ifra! Forestillinger planlegges til fredag 21. februar og l\u00f8rdag 22. februar [&hellip;]<\/p>\n","protected":false},"author":3,"featured_media":19143,"comment_status":"open","ping_status":"open","sticky":false,"template":"","format":"standard","meta":{"footnotes":""},"categories":[67,78,93],"tags":[],"class_list":["post-19142","post","type-post","status-publish","format-standard","has-post-thumbnail","hentry","category-bagn-il","category-kultur","category-revy"],"_links":{"self":[{"href":"https:\/\/bagn.no\/index.php?rest_route=\/wp\/v2\/posts\/19142","targetHints":{"allow":["GET"]}}],"collection":[{"href":"https:\/\/bagn.no\/index.php?rest_route=\/wp\/v2\/posts"}],"about":[{"href":"https:\/\/bagn.no\/index.php?rest_route=\/wp\/v2\/types\/post"}],"author":[{"embeddable":true,"href":"https:\/\/bagn.no\/index.php?rest_route=\/wp\/v2\/users\/3"}],"replies":[{"embeddable":true,"href":"https:\/\/bagn.no\/index.php?rest_route=%2Fwp%2Fv2%2Fcomments&post=19142"}],"version-history":[{"count":0,"href":"https:\/\/bagn.no\/index.php?rest_route=\/wp\/v2\/posts\/19142\/revisions"}],"wp:featuredmedia":[{"embeddable":true,"href":"https:\/\/bagn.no\/index.php?rest_route=\/wp\/v2\/media\/19143"}],"wp:attachment":[{"href":"https:\/\/bagn.no\/index.php?rest_route=%2Fwp%2Fv2%2Fmedia&parent=19142"}],"wp:term":[{"taxonomy":"category","embeddable":true,"href":"https:\/\/bagn.no\/index.php?rest_route=%2Fwp%2Fv2%2Fcategories&post=19142"},{"taxonomy":"post_tag","embeddable":true,"href":"https:\/\/bagn.no\/index.php?rest_route=%2Fwp%2Fv2%2Ftags&post=19142"}],"curies":[{"name":"wp","href":"https:\/\/api.w.org\/{rel}","templated":true}]}}