{"id":19089,"date":"2013-12-16T01:00:17","date_gmt":"2013-12-16T00:00:17","guid":{"rendered":"http:\/\/bagn.no\/?p=19089"},"modified":"2013-12-20T09:59:30","modified_gmt":"2013-12-20T08:59:30","slug":"kafe-bastian-apnet-pa-bagn","status":"publish","type":"post","link":"https:\/\/bagn.no\/?p=19089","title":{"rendered":"Kaf\u00e8 Bastian \u00e5pnet p\u00e5 Bagn"},"content":{"rendered":"<p><a href=\"http:\/\/bagn.no\/wp-content\/uploads\/2013\/12\/13.12.15-Kafe-Bastian-2-red.jpg\"><img loading=\"lazy\" decoding=\"async\" class=\"alignleft size-medium wp-image-19090\" alt=\"13.12.15 Kafe Bastian 2 red\" src=\"http:\/\/bagn.no\/wp-content\/uploads\/2013\/12\/13.12.15-Kafe-Bastian-2-red-300x199.jpg\" width=\"300\" height=\"199\" srcset=\"\/wp-content\/uploads\/2013\/12\/13.12.15-Kafe-Bastian-2-red-300x199.jpg 300w, \/wp-content\/uploads\/2013\/12\/13.12.15-Kafe-Bastian-2-red-600x399.jpg 600w, \/wp-content\/uploads\/2013\/12\/13.12.15-Kafe-Bastian-2-red-1024x680.jpg 1024w, \/wp-content\/uploads\/2013\/12\/13.12.15-Kafe-Bastian-2-red.jpg 1072w\" sizes=\"auto, (max-width: 300px) 100vw, 300px\" \/><\/a>I lokalene til Sadel Pizza (eller gamle S-laget om man vil)\u00a0\u00e5pnet Ismael Rahmani ny kaf\u00e8 p\u00e5 fredag.\u00a0 Han har kj\u00f8pt lokalene av Sadi, og etter en tid med oppussing er n\u00e5 kaf\u00e8delen klar.\u00a0Med seg har han Bente Skj\u00e6rstein og ikke minst kokka Katrin fra Island.\u00a0 Katrin har\u00a0drevet restaurant p\u00e5 Island,\u00a0men er n\u00e5 bosatt i Bagn og vil bli fast bak disken p\u00e5 kaf\u00e8 Bastian.\u00a0 Ismael tilbyr pizza, hamburgere, kebab og andre sm\u00e5retter, men det er ogs\u00e5 mulighet for full middag.\u00a0 Er det kanskje kaffe og kake du \u00f8nsker?\u00a0\u00a0 Eller en \u00f8l eller vin en kveld?\u00a0Uansett behov\u00a0s\u00e5 er kaf\u00e8 Bastian stedet for deg.\u00a0\u00a0Ismael tenker\u00a0 ogs\u00e5 at lokalet vil egne seg for selskaper, m\u00f8ter, bursdagsfeiringer, begravelser og andre sammenkomster.\u00a0<a href=\"http:\/\/bagn.no\/wp-content\/uploads\/2013\/12\/13.12.15-Kafe-Bastian-3-red.jpg\"><img loading=\"lazy\" decoding=\"async\" class=\"alignright size-medium wp-image-19091\" alt=\"13.12.15 Kafe Bastian 3 red\" src=\"http:\/\/bagn.no\/wp-content\/uploads\/2013\/12\/13.12.15-Kafe-Bastian-3-red-300x199.jpg\" width=\"300\" height=\"199\" srcset=\"\/wp-content\/uploads\/2013\/12\/13.12.15-Kafe-Bastian-3-red-300x199.jpg 300w, \/wp-content\/uploads\/2013\/12\/13.12.15-Kafe-Bastian-3-red-600x399.jpg 600w, \/wp-content\/uploads\/2013\/12\/13.12.15-Kafe-Bastian-3-red-1024x680.jpg 1024w, \/wp-content\/uploads\/2013\/12\/13.12.15-Kafe-Bastian-3-red.jpg 1072w\" sizes=\"auto, (max-width: 300px) 100vw, 300px\" \/><\/a>Han har dessuten planer om \u00e5 innrede en del av kafeen spesielt med tanke p\u00e5 ungdommen.\u00a0 Her st\u00e5r biljardbordet klart, og han skal ha inn en prosjektor med tanke p\u00e5 TV-sendinger p\u00e5 storskjerm.\u00a0 Vil ikke en fotballkamp eller en OL-sending i fellesskap v\u00e6re hyggelig?\u00a0\u00a0Dette er klart om kort tid.<\/p>\n<p><a href=\"http:\/\/bagn.no\/wp-content\/uploads\/2013\/12\/13.12.15-Ismael-red.jpg\"><img loading=\"lazy\" decoding=\"async\" class=\"alignleft  wp-image-19095\" alt=\"13.12.15 Ismael red\" src=\"http:\/\/bagn.no\/wp-content\/uploads\/2013\/12\/13.12.15-Ismael-red-300x199.jpg\" width=\"240\" height=\"159\" srcset=\"\/wp-content\/uploads\/2013\/12\/13.12.15-Ismael-red-300x199.jpg 300w, \/wp-content\/uploads\/2013\/12\/13.12.15-Ismael-red-600x399.jpg 600w, \/wp-content\/uploads\/2013\/12\/13.12.15-Ismael-red-1024x680.jpg 1024w, \/wp-content\/uploads\/2013\/12\/13.12.15-Ismael-red.jpg 1072w\" sizes=\"auto, (max-width: 240px) 100vw, 240px\" \/><\/a>Ismael er kurder, opprinnelig fra Iran, men m\u00e5tte forlate Iran pga sitt politiske arbeid.\u00a0 Han har bodd p\u00e5 asylmottaket p\u00e5 Tons\u00e5sen i over ett \u00e5r og har gjennom sine erfaringer underveis f\u00e5tt et stort engasjement for mennesker i sin helhet.\u00a0 Han \u00f8nsker derfor \u00e5\u00a0tilby ungdommen i Bagn et sted \u00e5 v\u00e6re\u00a0og har flere\u00a0tanker og\u00a0planer\u00a0p\u00e5 sikt.\u00a0 Bagn.no vil seinere i jula lage et lite portrett av Ismael.<\/p>\n<p>I likhet med menyen s\u00e5 vil ogs\u00e5 kafeens \u00e5pningstider v\u00e6re forel\u00f8pige.\u00a0 Ismael og Katrin vil se hvilke behov\u00a0kundene har, for s\u00e5 \u00e5 tilpasse seg dette.\u00a0 Inntil videre er Kaf\u00e8 Bastian \u00e5pen kl. 08-22 mandag til torsdag, kl. 08-23.45 fredag, kl. 09-01 l\u00f8rdag og kl. 10-22 p\u00e5 s\u00f8ndager.<\/p>\n<p>Bagn.no anbefaler et bes\u00f8k.<\/p>\n<p>Telefonnr. til Kaf\u00e8 Bastian er 61346800<\/p>\n<p>&nbsp;<\/p>\n","protected":false},"excerpt":{"rendered":"<p>I lokalene til Sadel Pizza (eller gamle S-laget om man vil)\u00a0\u00e5pnet Ismael Rahmani ny kaf\u00e8 p\u00e5 fredag.\u00a0 Han har kj\u00f8pt lokalene av Sadi, og etter en tid med oppussing er n\u00e5 kaf\u00e8delen klar.\u00a0Med seg har han Bente Skj\u00e6rstein og ikke minst kokka Katrin fra Island.\u00a0 Katrin har\u00a0drevet restaurant p\u00e5 Island,\u00a0men er n\u00e5 bosatt i Bagn [&hellip;]<\/p>\n","protected":false},"author":3,"featured_media":19090,"comment_status":"open","ping_status":"open","sticky":false,"template":"","format":"standard","meta":{"footnotes":""},"categories":[82,83],"tags":[136,134,135],"class_list":["post-19089","post","type-post","status-publish","format-standard","has-post-thumbnail","hentry","category-lokale-nyheter","category-naering","tag-bagn-sentrum","tag-butikk","tag-naering-2"],"_links":{"self":[{"href":"https:\/\/bagn.no\/index.php?rest_route=\/wp\/v2\/posts\/19089","targetHints":{"allow":["GET"]}}],"collection":[{"href":"https:\/\/bagn.no\/index.php?rest_route=\/wp\/v2\/posts"}],"about":[{"href":"https:\/\/bagn.no\/index.php?rest_route=\/wp\/v2\/types\/post"}],"author":[{"embeddable":true,"href":"https:\/\/bagn.no\/index.php?rest_route=\/wp\/v2\/users\/3"}],"replies":[{"embeddable":true,"href":"https:\/\/bagn.no\/index.php?rest_route=%2Fwp%2Fv2%2Fcomments&post=19089"}],"version-history":[{"count":0,"href":"https:\/\/bagn.no\/index.php?rest_route=\/wp\/v2\/posts\/19089\/revisions"}],"wp:featuredmedia":[{"embeddable":true,"href":"https:\/\/bagn.no\/index.php?rest_route=\/wp\/v2\/media\/19090"}],"wp:attachment":[{"href":"https:\/\/bagn.no\/index.php?rest_route=%2Fwp%2Fv2%2Fmedia&parent=19089"}],"wp:term":[{"taxonomy":"category","embeddable":true,"href":"https:\/\/bagn.no\/index.php?rest_route=%2Fwp%2Fv2%2Fcategories&post=19089"},{"taxonomy":"post_tag","embeddable":true,"href":"https:\/\/bagn.no\/index.php?rest_route=%2Fwp%2Fv2%2Ftags&post=19089"}],"curies":[{"name":"wp","href":"https:\/\/api.w.org\/{rel}","templated":true}]}}