{"id":18956,"date":"2013-11-15T17:18:13","date_gmt":"2013-11-15T16:18:13","guid":{"rendered":"http:\/\/bagn.no\/?p=18956"},"modified":"2013-12-07T17:23:49","modified_gmt":"2013-12-07T16:23:49","slug":"fest-for-frivillige","status":"publish","type":"post","link":"https:\/\/bagn.no\/?p=18956","title":{"rendered":"Fest for frivillige"},"content":{"rendered":"<p>Styret i Frivilligsentralen inviterte til fest for de frivillige p\u00e5 Fossvang, onsdag 13.11.13 Bakgrunn for festen var at Frivilligsentralen \u00f8nsket \u00e5 markere de frivilliges innsats og takknemlighet til alt som er blitt utf\u00f8rt av frivillige arbeid gjennom \u00e5ret.<br \/>\n<a href=\"http:\/\/bagn.no\/wp-content\/uploads\/2013\/12\/Ester-og-Arna-mottar-velfortjent-blomsterbukett-fra-styreleder.jpg\"><img loading=\"lazy\" decoding=\"async\" class=\"aligncenter size-large wp-image-18957\" alt=\"Ester og Arna mottar velfortjent blomsterbukett fra styreleder\" src=\"http:\/\/bagn.no\/wp-content\/uploads\/2013\/12\/Ester-og-Arna-mottar-velfortjent-blomsterbukett-fra-styreleder-1024x685.jpg\" width=\"960\" height=\"642\" srcset=\"\/wp-content\/uploads\/2013\/12\/Ester-og-Arna-mottar-velfortjent-blomsterbukett-fra-styreleder-1024x685.jpg 1024w, \/wp-content\/uploads\/2013\/12\/Ester-og-Arna-mottar-velfortjent-blomsterbukett-fra-styreleder-600x402.jpg 600w, \/wp-content\/uploads\/2013\/12\/Ester-og-Arna-mottar-velfortjent-blomsterbukett-fra-styreleder-300x201.jpg 300w\" sizes=\"auto, (max-width: 960px) 100vw, 960px\" \/><\/a><br \/>\nV\u00e5re to daglige ledere Ester Kulterud og Arna Bj\u00f8rneskaret hadde pyntet til fest i lokalene p\u00e5 Fossvang og dagens meny var et nydelig koldtbord.<\/p>\n<p><b>Reidar Schlytter<\/b> (styreleder) orienterte fra Frivilligsentralen og fremhevet betydningen av den frivillige innsatsen og hva det betyr for hver enkelt og for lokalsamfunnet. \u00a0Gjennom dette \u00e5ret har vi f\u00e5tt tilf\u00f8rt nye aktiviteter som \u00a0datakafe, ungdomsklubben, leksehjelp og ikke minst videref\u00f8ring av seniordans og tiltak mot de eldre som hovedaktivitet. Reidar fremhevet under sitt innlegg betydning av innnsatsen til v\u00e5re to daglige ledere Ester og Arna. Disse ble p\u00e5skj\u00f8nnet med en blomsterbukett hver.<\/p>\n<p><b>Ester Kulterud<\/b> (daglig leder) sa i sin takketale at det var hyggelig \u00e5 f\u00e5 til nye aktiviteter, og satte stor pris p\u00e5 gode tilbakemeldinger og innspill og innsats fra de frivillige gjennom \u00e5ret.<\/p>\n<p><b>Svein Bakke<\/b> (varaordf\u00f8rer) hilste fra kommunen og kom inn p\u00e5 hva Frivilligsentralen betydde for lokalsamfunnet og kommunen.<\/p>\n<p><b>Dagny Dalen<\/b> (leder av eldrer\u00e5det i kommunen) fremhevet det gode samarbeidet med eldrer\u00e5det og Frivilligsentralen vedr gjennomf\u00f8ring aktiviteter rettet mot de eldre.<\/p>\n<p>Etter hovedretten fikk vi servert kaffe og ostekake og forsamlingen\u00a0koste seg utover de sene kveldstimer.<\/p>\n","protected":false},"excerpt":{"rendered":"<p>Styret i Frivilligsentralen inviterte til fest for de frivillige p\u00e5 Fossvang, onsdag 13.11.13 Bakgrunn for festen var at Frivilligsentralen \u00f8nsket \u00e5 markere de frivilliges innsats og takknemlighet til alt som er blitt utf\u00f8rt av frivillige arbeid gjennom \u00e5ret. V\u00e5re to daglige ledere Ester Kulterud og Arna Bj\u00f8rneskaret hadde pyntet til fest i lokalene p\u00e5 Fossvang [&hellip;]<\/p>\n","protected":false},"author":4,"featured_media":18957,"comment_status":"open","ping_status":"open","sticky":false,"template":"","format":"standard","meta":{"footnotes":""},"categories":[94,82],"tags":[121,120,119],"class_list":["post-18956","post","type-post","status-publish","format-standard","has-post-thumbnail","hentry","category-frivilligsentralen","category-lokale-nyheter","tag-fest","tag-fossvang","tag-frivillige"],"_links":{"self":[{"href":"https:\/\/bagn.no\/index.php?rest_route=\/wp\/v2\/posts\/18956","targetHints":{"allow":["GET"]}}],"collection":[{"href":"https:\/\/bagn.no\/index.php?rest_route=\/wp\/v2\/posts"}],"about":[{"href":"https:\/\/bagn.no\/index.php?rest_route=\/wp\/v2\/types\/post"}],"author":[{"embeddable":true,"href":"https:\/\/bagn.no\/index.php?rest_route=\/wp\/v2\/users\/4"}],"replies":[{"embeddable":true,"href":"https:\/\/bagn.no\/index.php?rest_route=%2Fwp%2Fv2%2Fcomments&post=18956"}],"version-history":[{"count":0,"href":"https:\/\/bagn.no\/index.php?rest_route=\/wp\/v2\/posts\/18956\/revisions"}],"wp:featuredmedia":[{"embeddable":true,"href":"https:\/\/bagn.no\/index.php?rest_route=\/wp\/v2\/media\/18957"}],"wp:attachment":[{"href":"https:\/\/bagn.no\/index.php?rest_route=%2Fwp%2Fv2%2Fmedia&parent=18956"}],"wp:term":[{"taxonomy":"category","embeddable":true,"href":"https:\/\/bagn.no\/index.php?rest_route=%2Fwp%2Fv2%2Fcategories&post=18956"},{"taxonomy":"post_tag","embeddable":true,"href":"https:\/\/bagn.no\/index.php?rest_route=%2Fwp%2Fv2%2Ftags&post=18956"}],"curies":[{"name":"wp","href":"https:\/\/api.w.org\/{rel}","templated":true}]}}