{"id":18810,"date":"2013-11-29T08:44:50","date_gmt":"2013-11-29T07:44:50","guid":{"rendered":"http:\/\/bagn.no\/?p=18810"},"modified":"2013-11-30T05:19:25","modified_gmt":"2013-11-30T04:19:25","slug":"idrettsprisutdeling-2013","status":"publish","type":"post","link":"https:\/\/bagn.no\/?p=18810","title":{"rendered":"Idrettsprisen 2013"},"content":{"rendered":"<p><a href=\"http:\/\/bagn.no\/wp-content\/uploads\/2013\/11\/Andreas-Dyve.png\"><img loading=\"lazy\" decoding=\"async\" class=\"size-full wp-image-18811 alignright\" alt=\"Andreas Dyve - Vinner av idrettsprisen 2013\" src=\"http:\/\/bagn.no\/wp-content\/uploads\/2013\/11\/Andreas-Dyve.png\" width=\"103\" height=\"100\" \/><\/a><\/p>\n<p><strong>Idrettsprisen 2013 \u2013 Andreas Dyve<\/strong><\/p>\n<p>Idrettsprisen gikk i \u00e5r til Andreas Dyve fra Bagn. Prisen ble delt ut p\u00e5 kulturkvelden i Begnadalen fredag kveld. Begrunnelsen for tildelingen er hans prestasjoner p\u00e5 Valdres FK sitt 2.divisjonslag. Mer om kvelden kommer<\/p>\n<p>Idrettsr\u00e5det i S\u00f8r-Aurdal<\/p>\n","protected":false},"excerpt":{"rendered":"<p>Idrettsprisen 2013 \u2013 Andreas Dyve Idrettsprisen gikk i \u00e5r til Andreas Dyve fra Bagn. Prisen ble delt ut p\u00e5 kulturkvelden i Begnadalen fredag kveld. Begrunnelsen for tildelingen er hans prestasjoner p\u00e5 Valdres FK sitt 2.divisjonslag. Mer om kvelden kommer Idrettsr\u00e5det i S\u00f8r-Aurdal<\/p>\n","protected":false},"author":4,"featured_media":18814,"comment_status":"open","ping_status":"open","sticky":false,"template":"","format":"standard","meta":{"footnotes":""},"categories":[67],"tags":[109,108,154],"class_list":["post-18810","post","type-post","status-publish","format-standard","has-post-thumbnail","hentry","category-bagn-il","tag-fotball","tag-idrettsprisen","tag-valdres-fk"],"_links":{"self":[{"href":"https:\/\/bagn.no\/index.php?rest_route=\/wp\/v2\/posts\/18810","targetHints":{"allow":["GET"]}}],"collection":[{"href":"https:\/\/bagn.no\/index.php?rest_route=\/wp\/v2\/posts"}],"about":[{"href":"https:\/\/bagn.no\/index.php?rest_route=\/wp\/v2\/types\/post"}],"author":[{"embeddable":true,"href":"https:\/\/bagn.no\/index.php?rest_route=\/wp\/v2\/users\/4"}],"replies":[{"embeddable":true,"href":"https:\/\/bagn.no\/index.php?rest_route=%2Fwp%2Fv2%2Fcomments&post=18810"}],"version-history":[{"count":0,"href":"https:\/\/bagn.no\/index.php?rest_route=\/wp\/v2\/posts\/18810\/revisions"}],"wp:featuredmedia":[{"embeddable":true,"href":"https:\/\/bagn.no\/index.php?rest_route=\/wp\/v2\/media\/18814"}],"wp:attachment":[{"href":"https:\/\/bagn.no\/index.php?rest_route=%2Fwp%2Fv2%2Fmedia&parent=18810"}],"wp:term":[{"taxonomy":"category","embeddable":true,"href":"https:\/\/bagn.no\/index.php?rest_route=%2Fwp%2Fv2%2Fcategories&post=18810"},{"taxonomy":"post_tag","embeddable":true,"href":"https:\/\/bagn.no\/index.php?rest_route=%2Fwp%2Fv2%2Ftags&post=18810"}],"curies":[{"name":"wp","href":"https:\/\/api.w.org\/{rel}","templated":true}]}}