{"id":1735,"date":"2009-09-25T16:03:10","date_gmt":"2009-09-25T14:03:10","guid":{"rendered":"http:\/\/www.bagn.no\/?p=1735"},"modified":"2013-11-24T21:52:45","modified_gmt":"2013-11-24T20:52:45","slug":"skolestrukturen-avgjort","status":"publish","type":"post","link":"https:\/\/bagn.no\/?p=1735","title":{"rendered":"Skolestrukturen avgjort"},"content":{"rendered":"<div id=\"attachment_1741\" style=\"width: 310px\" class=\"wp-caption alignleft\"><a rel=\"attachment wp-att-1741\" href=\"http:\/\/www.bagn.no\/?attachment_id=1741\"><img loading=\"lazy\" decoding=\"async\" aria-describedby=\"caption-attachment-1741\" class=\"size-full wp-image-1741\" src=\"http:\/\/bagn.no\/wp-content\/uploads\/2009\/09\/foto-bjorn-karsrud-copy.jpg\" alt=\"Foto: Bj\u00f8rn Karsrud, Avisa-Valdres.\" width=\"300\" height=\"200\" \/><\/a><p id=\"caption-attachment-1741\" class=\"wp-caption-text\">Foto: Bj\u00f8rn Karsrud, Avisa-Valdres.<\/p><\/div>\n<p>Torsdag kveld besluttet kommunestyret at ungdomstrinnet i Hedalen skal flyttes til Bagn.\u00a0Reinlingene skal\u00a0sendes\u00a0til skolen i Bagn, og alle barnehagebarn i \u00f8vre del samles i Reinli.<\/p>\n<p>\u00a0Klikk p\u00e5 &laquo;mer&raquo; for \u00e5 se saken, vedtaket og for \u00e5 f\u00f8lge debatten.<br \/>\n<strong>Si din mening om saken!<br \/>\n<\/strong><!--more--><\/p>\n<p>\u00a0<\/p>\n<p>\u00a0<\/p>\n<p>Les saken hos Avisa-Valdres: <a href=\"http:\/\/www.avisa-valdres.no\/artikkel.asp?Artid=293425\">http:\/\/www.avisa-valdres.no\/artikkel.asp?Artid=293425<\/a><\/p>\n<p>Les vedtaket fra kommunestyret: <a href=\"http:\/\/hedalen.no\/OPPSLAG\/2009\/september\/26\/index.htm\">http:\/\/hedalen.no\/OPPSLAG\/2009\/september\/26\/index.htm<\/a><\/p>\n<p>Debatten raser p\u00e5 Hedalen.no: <a href=\"http:\/\/www.pedit.no\/org\/sor_aurdal\/view.cgi?&amp;link_id=0.1012.1721&amp;session_id=0\">http:\/\/www.pedit.no\/org\/sor_aurdal\/view.cgi?&amp;link_id=0.1012.1721&amp;session_id=0<\/a><\/p>\n<p><strong>Er denne strukturen den rette for S\u00f8r-Aurdal kommune?<\/strong> Si din mening her.<\/p>\n","protected":false},"excerpt":{"rendered":"<p>Torsdag kveld besluttet kommunestyret at ungdomstrinnet i Hedalen skal flyttes til Bagn.\u00a0Reinlingene skal\u00a0sendes\u00a0til skolen i Bagn, og alle barnehagebarn i \u00f8vre del samles i Reinli. \u00a0Klikk p\u00e5 &laquo;mer&raquo; for \u00e5 se saken, vedtaket og for \u00e5 f\u00f8lge debatten. Si din mening om saken!<\/p>\n","protected":false},"author":2,"featured_media":0,"comment_status":"open","ping_status":"closed","sticky":false,"template":"","format":"standard","meta":{"footnotes":""},"categories":[72],"tags":[],"class_list":["post-1735","post","type-post","status-publish","format-standard","hentry","category-diverse"],"_links":{"self":[{"href":"https:\/\/bagn.no\/index.php?rest_route=\/wp\/v2\/posts\/1735","targetHints":{"allow":["GET"]}}],"collection":[{"href":"https:\/\/bagn.no\/index.php?rest_route=\/wp\/v2\/posts"}],"about":[{"href":"https:\/\/bagn.no\/index.php?rest_route=\/wp\/v2\/types\/post"}],"author":[{"embeddable":true,"href":"https:\/\/bagn.no\/index.php?rest_route=\/wp\/v2\/users\/2"}],"replies":[{"embeddable":true,"href":"https:\/\/bagn.no\/index.php?rest_route=%2Fwp%2Fv2%2Fcomments&post=1735"}],"version-history":[{"count":0,"href":"https:\/\/bagn.no\/index.php?rest_route=\/wp\/v2\/posts\/1735\/revisions"}],"wp:attachment":[{"href":"https:\/\/bagn.no\/index.php?rest_route=%2Fwp%2Fv2%2Fmedia&parent=1735"}],"wp:term":[{"taxonomy":"category","embeddable":true,"href":"https:\/\/bagn.no\/index.php?rest_route=%2Fwp%2Fv2%2Fcategories&post=1735"},{"taxonomy":"post_tag","embeddable":true,"href":"https:\/\/bagn.no\/index.php?rest_route=%2Fwp%2Fv2%2Ftags&post=1735"}],"curies":[{"name":"wp","href":"https:\/\/api.w.org\/{rel}","templated":true}]}}