{"id":15491,"date":"2013-10-26T10:34:44","date_gmt":"2013-10-26T08:34:44","guid":{"rendered":"http:\/\/www.bagn.no\/?p=15491"},"modified":"2013-11-24T22:11:12","modified_gmt":"2013-11-24T21:11:12","slug":"fotballavslutning-i-bagn-il","status":"publish","type":"post","link":"https:\/\/bagn.no\/?p=15491","title":{"rendered":"Fotballavslutning i Bagn IL"},"content":{"rendered":"<p><a href=\"http:\/\/bagn.no\/wp-content\/uploads\/2013\/10\/13-10-15-fotballavslutning-55-leon.jpg\"><img loading=\"lazy\" decoding=\"async\" class=\"alignleft  wp-image-15492\" alt=\"13.10.15 Fotballavslutning (55) Leon\" src=\"http:\/\/bagn.no\/wp-content\/uploads\/2013\/10\/13-10-15-fotballavslutning-55-leon.jpg\" width=\"270\" height=\"179\" \/><\/a>Bagn IL avrundet nylig fotballsesongen med avslutningsfest i Glasshuset p\u00e5 SAUS.\u00a0\u00a0Det var bestilt premier til 120 fotballspillere og n\u00e5r disse hadde med seg foreldre og s\u00f8sken s\u00e5 sier det seg selv at det var &laquo;stinn brakke og stormende jubel&raquo;\u00a0.\u00a0 Robert Rabben, Simen H\u00f8glien og Andreas Dyve fra Valdres FK stilte velvillig opp\u00a0 denne kvelden.\u00a0\u00a0De deltok f\u00f8rst p\u00e5\u00a0en uh\u00f8ytidelig fotball\u00f8kt ute i ballbingen f\u00f8r alle trakk inn.\u00a0\u00a0Vel inne i Gasshuset\u00a0ga de\u00a0den unge forsamlingen noen gode\u00a0fotballr\u00e5d p\u00e5 veien f\u00f8r de foretok\u00a0premieutdelingen.\u00a0 En trikseball til hver var premien i \u00e5r.\u00a0 Trenere, oppmenn og lagets unge dommere ble hedret for innsatsen. I tillegg ble\u00a0 leder av fotballgruppa Svein Gran\u00e5s, og Vidar Svenkerud, banemester,\u00a0\u00a0fremhevet spesielt for\u00a0\u00e5 ha lagt ned\u00a0mange timer\u00a0for\u00a0fotballen p\u00e5 Bagn.\u00a0\u00a0\u00a0I aldersbestemte klasser har Bagn i \u00e5r stilt med 4 kn\u00f8ttelag, 3 miniguttlag, 2 minijentelag, 1 lillegutt- og 1 sm\u00e5jentelag, i tillegg til et samarbeidslag p\u00e5 jente-niv\u00e5.<\/p>\n<p>Flere bilder fra kvelden :<iframe loading=\"lazy\" src=\"https:\/\/skydrive.live.com\/embed?cid=AC2420DA141A0598&amp;resid=AC2420DA141A0598%212734&amp;authkey=AI0D2hTe0CHQxcg\" height=\"128\" width=\"165\" frameborder=\"0\" scrolling=\"no\"><\/iframe><\/p>\n","protected":false},"excerpt":{"rendered":"<p>Bagn IL avrundet nylig fotballsesongen med avslutningsfest i Glasshuset p\u00e5 SAUS.\u00a0\u00a0Det var bestilt premier til 120 fotballspillere og n\u00e5r disse hadde med seg foreldre og s\u00f8sken s\u00e5 sier det seg selv at det var &laquo;stinn brakke og stormende jubel&raquo;\u00a0.\u00a0 Robert Rabben, Simen H\u00f8glien og Andreas Dyve fra Valdres FK stilte velvillig opp\u00a0 denne kvelden.\u00a0\u00a0De deltok [&hellip;]<\/p>\n","protected":false},"author":3,"featured_media":15735,"comment_status":"open","ping_status":"closed","sticky":false,"template":"","format":"standard","meta":{"footnotes":""},"categories":[67],"tags":[],"class_list":["post-15491","post","type-post","status-publish","format-standard","has-post-thumbnail","hentry","category-bagn-il"],"_links":{"self":[{"href":"https:\/\/bagn.no\/index.php?rest_route=\/wp\/v2\/posts\/15491","targetHints":{"allow":["GET"]}}],"collection":[{"href":"https:\/\/bagn.no\/index.php?rest_route=\/wp\/v2\/posts"}],"about":[{"href":"https:\/\/bagn.no\/index.php?rest_route=\/wp\/v2\/types\/post"}],"author":[{"embeddable":true,"href":"https:\/\/bagn.no\/index.php?rest_route=\/wp\/v2\/users\/3"}],"replies":[{"embeddable":true,"href":"https:\/\/bagn.no\/index.php?rest_route=%2Fwp%2Fv2%2Fcomments&post=15491"}],"version-history":[{"count":0,"href":"https:\/\/bagn.no\/index.php?rest_route=\/wp\/v2\/posts\/15491\/revisions"}],"wp:featuredmedia":[{"embeddable":true,"href":"https:\/\/bagn.no\/index.php?rest_route=\/wp\/v2\/media\/15735"}],"wp:attachment":[{"href":"https:\/\/bagn.no\/index.php?rest_route=%2Fwp%2Fv2%2Fmedia&parent=15491"}],"wp:term":[{"taxonomy":"category","embeddable":true,"href":"https:\/\/bagn.no\/index.php?rest_route=%2Fwp%2Fv2%2Fcategories&post=15491"},{"taxonomy":"post_tag","embeddable":true,"href":"https:\/\/bagn.no\/index.php?rest_route=%2Fwp%2Fv2%2Ftags&post=15491"}],"curies":[{"name":"wp","href":"https:\/\/api.w.org\/{rel}","templated":true}]}}