{"id":15220,"date":"2013-08-28T20:30:49","date_gmt":"2013-08-28T18:30:49","guid":{"rendered":"http:\/\/www.bagn.no\/?p=15220"},"modified":"2013-11-24T22:10:30","modified_gmt":"2013-11-24T21:10:30","slug":"skolebesok-til-hedalen-stavkirke","status":"publish","type":"post","link":"https:\/\/bagn.no\/?p=15220","title":{"rendered":"Skolebes\u00f8k til Hedalen stavkirke"},"content":{"rendered":"<p><a href=\"http:\/\/bagn.no\/wp-content\/uploads\/2013\/08\/hedalen-red.jpg\"><img loading=\"lazy\" decoding=\"async\" class=\"wp-image-15222 alignright\" alt=\"Hedalen red\" src=\"http:\/\/bagn.no\/wp-content\/uploads\/2013\/08\/hedalen-red.jpg\" width=\"296\" height=\"169\" \/><\/a><em>Tekst og foto: Ole Petter Andersen<\/em><\/p>\n<p>Tirsdag 27.aug var rundt 150 elever fra S\u00f8r-Aurdal Ungdomskole og Bagn Skole invitert til Hedalen, for \u00e5 feire at stavkirka der er 850 \u00e5r. Det ble en annerledes skoledag, med sol, lokalhistorie og velsmakende vafler!<\/p>\n<p>For ungdomskoleelevene startet dagen med omvisning p\u00e5 Bautahaugen og innsyn i leveforhold p\u00e5 1800-tallet og kunnskap om redskaper fra forsvunne dager.\u00a0 Denne \u00f8kta ble avsluttet med lunsj ute i det fri, under en stekende h\u00f8stsol, og med nydelige vafler og brus til alle. Her skulle det feires, ja! S\u00e5 byttet gruppene plass, og de eldste elevene ble n\u00e5 busset til Hedalen stavkirke. Her var det omvisning p\u00e5 kirkeg\u00e5rden, i prestehuset og ikke minst h\u00f8ydepunktet; i stavkirka. Elevene skulle f\u00f8rst lete med lommelykt i svalgangene etter gamle innskripsjoner etter dem som i sin tid ikke slapp inn i selve kirkerommet. Deretter fikk alle g\u00e5 inn og oppleve stemningen:\u00a0 Levende lys og gregoriansk musikk, og sitteplasser etter kj\u00f8nn, selvsagt.\u00a0 Alle fikk til slutt et kort og en pin til minne om oppholdet, og en ganske annerledes skoledag var avsluttet.<\/p>\n<p>Takk til alle frivillige i Hedalen som stilte opp for \u00e5 gj\u00f8re det interessant og trivelig for gjestene fra Bagn!<\/p>\n<p><iframe loading=\"lazy\" src=\"https:\/\/skydrive.live.com\/embed?cid=AC2420DA141A0598&amp;resid=AC2420DA141A0598%212558&amp;authkey=AF-SwIGu1kmE8T4\" height=\"128\" width=\"165\" frameborder=\"0\" scrolling=\"no\"><\/iframe><\/p>\n","protected":false},"excerpt":{"rendered":"<p>Tekst og foto: Ole Petter Andersen Tirsdag 27.aug var rundt 150 elever fra S\u00f8r-Aurdal Ungdomskole og Bagn Skole invitert til Hedalen, for \u00e5 feire at stavkirka der er 850 \u00e5r. Det ble en annerledes skoledag, med sol, lokalhistorie og velsmakende vafler! For ungdomskoleelevene startet dagen med omvisning p\u00e5 Bautahaugen og innsyn i leveforhold p\u00e5 1800-tallet [&hellip;]<\/p>\n","protected":false},"author":3,"featured_media":18599,"comment_status":"open","ping_status":"closed","sticky":false,"template":"","format":"standard","meta":{"footnotes":""},"categories":[78],"tags":[],"class_list":["post-15220","post","type-post","status-publish","format-standard","has-post-thumbnail","hentry","category-kultur"],"_links":{"self":[{"href":"https:\/\/bagn.no\/index.php?rest_route=\/wp\/v2\/posts\/15220","targetHints":{"allow":["GET"]}}],"collection":[{"href":"https:\/\/bagn.no\/index.php?rest_route=\/wp\/v2\/posts"}],"about":[{"href":"https:\/\/bagn.no\/index.php?rest_route=\/wp\/v2\/types\/post"}],"author":[{"embeddable":true,"href":"https:\/\/bagn.no\/index.php?rest_route=\/wp\/v2\/users\/3"}],"replies":[{"embeddable":true,"href":"https:\/\/bagn.no\/index.php?rest_route=%2Fwp%2Fv2%2Fcomments&post=15220"}],"version-history":[{"count":0,"href":"https:\/\/bagn.no\/index.php?rest_route=\/wp\/v2\/posts\/15220\/revisions"}],"wp:featuredmedia":[{"embeddable":true,"href":"https:\/\/bagn.no\/index.php?rest_route=\/wp\/v2\/media\/18599"}],"wp:attachment":[{"href":"https:\/\/bagn.no\/index.php?rest_route=%2Fwp%2Fv2%2Fmedia&parent=15220"}],"wp:term":[{"taxonomy":"category","embeddable":true,"href":"https:\/\/bagn.no\/index.php?rest_route=%2Fwp%2Fv2%2Fcategories&post=15220"},{"taxonomy":"post_tag","embeddable":true,"href":"https:\/\/bagn.no\/index.php?rest_route=%2Fwp%2Fv2%2Ftags&post=15220"}],"curies":[{"name":"wp","href":"https:\/\/api.w.org\/{rel}","templated":true}]}}