{"id":1469,"date":"2009-08-29T00:19:56","date_gmt":"2009-08-28T22:19:56","guid":{"rendered":"http:\/\/www.bagn.no\/?p=1469"},"modified":"2013-11-24T21:52:37","modified_gmt":"2013-11-24T20:52:37","slug":"kirkekveld-med-karsten-isachsen","status":"publish","type":"post","link":"https:\/\/bagn.no\/?p=1469","title":{"rendered":"Kirkekveld med Karsten Isachsen"},"content":{"rendered":"<div><img loading=\"lazy\" decoding=\"async\" class=\"alignleft size-full wp-image-1481\" src=\"http:\/\/bagn.no\/wp-content\/uploads\/2009\/08\/karsten-isaksen-red.jpg\" alt=\"Karsten Isaksen red\" width=\"366\" height=\"274\" \/>Isachsen samlet n\u00e6r 150 personer i Bagn Kirke tirsdag kveld.\u00a0 Og de 150 fremm\u00f8tte fikk hva de kom for \u00e5 h\u00f8re: en gnistrende taler som behersker b\u00e5de det muntre og skjemtende, samt det mer alvorlige og h\u00f8ytidelige.<!--more--><\/div>\n<p>Innledningsvis ga han oss en bukett av visdomsord og det som n\u00e6rmest kan kalles vitser, f\u00f8r han gikk inn p\u00e5 mer alvorlige temaer og hovedtalen.\u00a0 Temaet for talen var &laquo;Beskjeden som forandret alt&raquo;.<\/p>\n<p>Etter talen informerte han kort om en del av b\u00f8kene sine, som han ogs\u00e5 solgte iv\u00e5penhuset etterp\u00e5.<\/p>\n<p>F\u00f8r Karsten Isachsen slapp til fikk vi imidlertid h\u00f8re en avdeling med S\u00f8r-Aurdalkoret\/Vestre Slidre sanglag. Og n\u00e5r man tar i betraktning at det nettop har v\u00e6rt ferietid og lite \u00f8ving, s\u00e5 sang koret &laquo;s\u00e5 det satt i veggene&raquo;. Det er en fryd \u00e5 h\u00f8re et kor som framviser slik sangglede!<\/p>\n<p>Vi t\u00f8r p\u00e5st\u00e5 at ingen forlot Bagn Kirke denne kvelden uten \u00e5 ha hatt stort utbytte av \u00e5 v\u00e6re tilstede.\u00a0<\/p>\n<p>Saken er sendt inn av:<br \/>\nOle F\u00f8nhus<\/p>\n","protected":false},"excerpt":{"rendered":"<p>Isachsen samlet n\u00e6r 150 personer i Bagn Kirke tirsdag kveld.\u00a0 Og de 150 fremm\u00f8tte fikk hva de kom for \u00e5 h\u00f8re: en gnistrende taler som behersker b\u00e5de det muntre og skjemtende, samt det mer alvorlige og h\u00f8ytidelige.<\/p>\n","protected":false},"author":2,"featured_media":0,"comment_status":"open","ping_status":"closed","sticky":false,"template":"","format":"standard","meta":{"footnotes":""},"categories":[78],"tags":[],"class_list":["post-1469","post","type-post","status-publish","format-standard","hentry","category-kultur"],"_links":{"self":[{"href":"https:\/\/bagn.no\/index.php?rest_route=\/wp\/v2\/posts\/1469","targetHints":{"allow":["GET"]}}],"collection":[{"href":"https:\/\/bagn.no\/index.php?rest_route=\/wp\/v2\/posts"}],"about":[{"href":"https:\/\/bagn.no\/index.php?rest_route=\/wp\/v2\/types\/post"}],"author":[{"embeddable":true,"href":"https:\/\/bagn.no\/index.php?rest_route=\/wp\/v2\/users\/2"}],"replies":[{"embeddable":true,"href":"https:\/\/bagn.no\/index.php?rest_route=%2Fwp%2Fv2%2Fcomments&post=1469"}],"version-history":[{"count":0,"href":"https:\/\/bagn.no\/index.php?rest_route=\/wp\/v2\/posts\/1469\/revisions"}],"wp:attachment":[{"href":"https:\/\/bagn.no\/index.php?rest_route=%2Fwp%2Fv2%2Fmedia&parent=1469"}],"wp:term":[{"taxonomy":"category","embeddable":true,"href":"https:\/\/bagn.no\/index.php?rest_route=%2Fwp%2Fv2%2Fcategories&post=1469"},{"taxonomy":"post_tag","embeddable":true,"href":"https:\/\/bagn.no\/index.php?rest_route=%2Fwp%2Fv2%2Ftags&post=1469"}],"curies":[{"name":"wp","href":"https:\/\/api.w.org\/{rel}","templated":true}]}}