{"id":14284,"date":"2013-05-17T23:27:19","date_gmt":"2013-05-17T21:27:19","guid":{"rendered":"http:\/\/www.bagn.no\/?p=14284"},"modified":"2013-11-24T22:09:20","modified_gmt":"2013-11-24T21:09:20","slug":"hvor-er-dette-19","status":"publish","type":"post","link":"https:\/\/bagn.no\/?p=14284","title":{"rendered":"Hvor er dette?"},"content":{"rendered":"<p><a href=\"http:\/\/www.bagn.no\/wp-content\/upLoads\/uke-20.png\"><img loading=\"lazy\" decoding=\"async\" class=\"alignleft size-thumbnail wp-image-14286\" alt=\"uke 20\" src=\"http:\/\/bagn.no\/wp-content\/uploads\/2013\/05\/uke-20-150x100.png\" width=\"150\" height=\"100\" \/><\/a>Til tross for ei sentral plassering i kommuna trur eg sv\u00e6rt f\u00e5 har sett dette kulturminnet. Veit du kvar dette bildet er tatt, s\u00e5 send svaret til bygdeutvikling@bagn.no innan 31.mai.<\/p>\n<p>Bildet 3. mai er fr\u00e5 Svae i H\u00f8lerafossen. Det er vel d\u00e5rleg gjort i forhold til entrepen\u00f8rane \u00e5 tilr\u00e5 F\u00f8nhusstigen no, men det er fullt mogleg \u00e5 komme til Svae fr\u00e5 Lundebygda og. K\u00f8yr opp Lundebygda. N\u00e5r du kjem til ein container s\u00e5 held du venstre. Hald vestre ei stund. N\u00e5r du ikkje kan k\u00f8yre lenger, s\u00e5 g\u00e5r du i retning elvebrusen.<\/p>\n","protected":false},"excerpt":{"rendered":"<p>Til tross for ei sentral plassering i kommuna trur eg sv\u00e6rt f\u00e5 har sett dette kulturminnet. Veit du kvar dette bildet er tatt, s\u00e5 send svaret til bygdeutvikling@bagn.no innan 31.mai. Bildet 3. mai er fr\u00e5 Svae i H\u00f8lerafossen. Det er vel d\u00e5rleg gjort i forhold til entrepen\u00f8rane \u00e5 tilr\u00e5 F\u00f8nhusstigen no, men det er fullt [&hellip;]<\/p>\n","protected":false},"author":2,"featured_media":18438,"comment_status":"open","ping_status":"closed","sticky":false,"template":"","format":"standard","meta":{"footnotes":""},"categories":[72,77],"tags":[],"class_list":["post-14284","post","type-post","status-publish","format-standard","has-post-thumbnail","hentry","category-diverse","category-konkurranse-hvor-er-dette"],"_links":{"self":[{"href":"https:\/\/bagn.no\/index.php?rest_route=\/wp\/v2\/posts\/14284","targetHints":{"allow":["GET"]}}],"collection":[{"href":"https:\/\/bagn.no\/index.php?rest_route=\/wp\/v2\/posts"}],"about":[{"href":"https:\/\/bagn.no\/index.php?rest_route=\/wp\/v2\/types\/post"}],"author":[{"embeddable":true,"href":"https:\/\/bagn.no\/index.php?rest_route=\/wp\/v2\/users\/2"}],"replies":[{"embeddable":true,"href":"https:\/\/bagn.no\/index.php?rest_route=%2Fwp%2Fv2%2Fcomments&post=14284"}],"version-history":[{"count":0,"href":"https:\/\/bagn.no\/index.php?rest_route=\/wp\/v2\/posts\/14284\/revisions"}],"wp:featuredmedia":[{"embeddable":true,"href":"https:\/\/bagn.no\/index.php?rest_route=\/wp\/v2\/media\/18438"}],"wp:attachment":[{"href":"https:\/\/bagn.no\/index.php?rest_route=%2Fwp%2Fv2%2Fmedia&parent=14284"}],"wp:term":[{"taxonomy":"category","embeddable":true,"href":"https:\/\/bagn.no\/index.php?rest_route=%2Fwp%2Fv2%2Fcategories&post=14284"},{"taxonomy":"post_tag","embeddable":true,"href":"https:\/\/bagn.no\/index.php?rest_route=%2Fwp%2Fv2%2Ftags&post=14284"}],"curies":[{"name":"wp","href":"https:\/\/api.w.org\/{rel}","templated":true}]}}