{"id":14156,"date":"2013-05-06T07:53:52","date_gmt":"2013-05-06T05:53:52","guid":{"rendered":"http:\/\/www.bagn.no\/?p=14156"},"modified":"2013-11-24T22:09:10","modified_gmt":"2013-11-24T21:09:10","slug":"oppdatering-sykkelstiprosjektet","status":"publish","type":"post","link":"https:\/\/bagn.no\/?p=14156","title":{"rendered":"Oppdatering sykkelstiprosjektet"},"content":{"rendered":"<div id=\"attachment_14157\" style=\"width: 160px\" class=\"wp-caption alignleft\"><a href=\"http:\/\/www.bagn.no\/wp-content\/upLoads\/Oversiktskart.png\"><img loading=\"lazy\" decoding=\"async\" aria-describedby=\"caption-attachment-14157\" class=\"size-thumbnail wp-image-14157\" alt=\"De bl\u00e5 strekene er de stiene vi har tillatelse til \u00e5 utbedre n\u00e5. De r\u00f8de strekene er eksisterende veier. \" src=\"http:\/\/bagn.no\/wp-content\/uploads\/2013\/05\/oversiktskart-150x100.png\" width=\"150\" height=\"100\" \/><\/a><p id=\"caption-attachment-14157\" class=\"wp-caption-text\">De bl\u00e5 strekene er de stiene vi har tillatelse til \u00e5 utbedre n\u00e5. De r\u00f8de strekene er eksisterende veier.<\/p><\/div>\n<p>Kalenderen sier at det er v\u00e5r, s\u00e5 vi i sykkelstiprosjektet er i ferd med \u00e5 forberede en ny fase av sykkelstiprosjektet, nemlig \u00e5 lage stier ute i terrenget. \u00a0Vi har brukt vinteren til \u00e5 lage avtaler med en del grunneiere. Vi er ikke i m\u00e5l med dette arbeidet, men vi har f\u00e5tt p\u00e5 plass nok sentrale stier til \u00e5 begynne stibyggingen.<\/p>\n<p>Kartet illustrerer dagens situasjon. De r\u00f8de strekene er veier. De bl\u00e5 strekene er traseer der grunneierne har gitt samtykke til \u00e5 lage sykkelstier, mens de gr\u00e5 strekene er traseer vi jobber med \u00e5 f\u00e5 p\u00e5 plass grunneieravtaler p\u00e5.<!--more--><\/p>\n<p>Vi vil oppfordre alle til \u00e5 studere de sykkelmulighetene som oppst\u00e5r i det \u00f8yeblikket de bl\u00e5 strekene er omgjort til trillestier eller terrengsykkeltraseer. Dersom du har lyst og mulighet til \u00e5 sette av noen timer til arbeid med trilleb\u00e5r, spade, klippesaks, spett eller lignende til sommeren og er<\/p>\n<div id=\"attachment_12912\" style=\"width: 160px\" class=\"wp-caption alignleft\"><a href=\"http:\/\/www.bagn.no\/wp-content\/upLoads\/J\u00f8rn-p\u00e5-fjellsykkel.jpg\"><img loading=\"lazy\" decoding=\"async\" aria-describedby=\"caption-attachment-12912\" class=\"size-thumbnail wp-image-12912\" alt=\"Et eksempel p\u00e5 sykkelsti av beste sort.\" src=\"http:\/\/bagn.no\/wp-content\/uploads\/2013\/05\/J\u00f8rn-p\u00e5-fjellsykkel-150x100.jpg\" width=\"150\" height=\"100\" \/><\/a><p id=\"caption-attachment-12912\" class=\"wp-caption-text\">Et eksempel p\u00e5 sykkelsti av beste sort.<\/p><\/div>\n<p>interessert i sykkelsporten, s\u00e5 anbefaler vi at du bruker de avsatte timene sammen med oss. Sammen kan vi gj\u00f8re S\u00f8r-Aurdal til en unik sykkelkommune.<\/p>\n<p>Har du sp\u00f8rsm\u00e5l til prosjektet, s\u00e5 kontakt J\u00f8rn p\u00e5 bygdeutvikling@bagn.no eller 93468644.<\/p>\n","protected":false},"excerpt":{"rendered":"<p>Kalenderen sier at det er v\u00e5r, s\u00e5 vi i sykkelstiprosjektet er i ferd med \u00e5 forberede en ny fase av sykkelstiprosjektet, nemlig \u00e5 lage stier ute i terrenget. \u00a0Vi har brukt vinteren til \u00e5 lage avtaler med en del grunneiere. Vi er ikke i m\u00e5l med dette arbeidet, men vi har f\u00e5tt p\u00e5 plass nok [&hellip;]<\/p>\n","protected":false},"author":2,"featured_media":18405,"comment_status":"open","ping_status":"closed","sticky":false,"template":"","format":"standard","meta":{"footnotes":""},"categories":[67,72],"tags":[],"class_list":["post-14156","post","type-post","status-publish","format-standard","has-post-thumbnail","hentry","category-bagn-il","category-diverse"],"_links":{"self":[{"href":"https:\/\/bagn.no\/index.php?rest_route=\/wp\/v2\/posts\/14156","targetHints":{"allow":["GET"]}}],"collection":[{"href":"https:\/\/bagn.no\/index.php?rest_route=\/wp\/v2\/posts"}],"about":[{"href":"https:\/\/bagn.no\/index.php?rest_route=\/wp\/v2\/types\/post"}],"author":[{"embeddable":true,"href":"https:\/\/bagn.no\/index.php?rest_route=\/wp\/v2\/users\/2"}],"replies":[{"embeddable":true,"href":"https:\/\/bagn.no\/index.php?rest_route=%2Fwp%2Fv2%2Fcomments&post=14156"}],"version-history":[{"count":0,"href":"https:\/\/bagn.no\/index.php?rest_route=\/wp\/v2\/posts\/14156\/revisions"}],"wp:featuredmedia":[{"embeddable":true,"href":"https:\/\/bagn.no\/index.php?rest_route=\/wp\/v2\/media\/18405"}],"wp:attachment":[{"href":"https:\/\/bagn.no\/index.php?rest_route=%2Fwp%2Fv2%2Fmedia&parent=14156"}],"wp:term":[{"taxonomy":"category","embeddable":true,"href":"https:\/\/bagn.no\/index.php?rest_route=%2Fwp%2Fv2%2Fcategories&post=14156"},{"taxonomy":"post_tag","embeddable":true,"href":"https:\/\/bagn.no\/index.php?rest_route=%2Fwp%2Fv2%2Ftags&post=14156"}],"curies":[{"name":"wp","href":"https:\/\/api.w.org\/{rel}","templated":true}]}}