{"id":14135,"date":"2013-04-30T11:29:43","date_gmt":"2013-04-30T09:29:43","guid":{"rendered":"http:\/\/www.bagn.no\/?p=14135"},"modified":"2013-11-24T22:09:04","modified_gmt":"2013-11-24T21:09:04","slug":"bagn-vel","status":"publish","type":"post","link":"https:\/\/bagn.no\/?p=14135","title":{"rendered":"Bagn Vel"},"content":{"rendered":"<div id=\"attachment_14136\" style=\"width: 160px\" class=\"wp-caption alignleft\"><a href=\"http:\/\/www.bagn.no\/wp-content\/upLoads\/Bagn-Vel-004.jpg\"><img loading=\"lazy\" decoding=\"async\" aria-describedby=\"caption-attachment-14136\" class=\"size-thumbnail wp-image-14136\" alt=\"Flinke 9. klassinger rydder s\u00f8ppel og raker\" src=\"http:\/\/bagn.no\/wp-content\/uploads\/2013\/04\/bagn-vel-004-150x100.jpg\" width=\"150\" height=\"100\" \/><\/a><p id=\"caption-attachment-14136\" class=\"wp-caption-text\">Flinke 9. klassinger rydder s\u00f8ppel og raker<\/p><\/div>\n<p>Mandag 29. april var datoen for \u00e5rets f\u00f8rste dugnad for Bagn Vel. \u00a0Tradisjon tro leide vi med oss 9. klasse ved SAUS og du verden for en hjelp vi fikk. \u00c5rets 9. klasse er virkelig en hyggelig hardtarbeidende gjeng som fortjener hver krone de fikk.<\/p>\n<p>I l\u00f8pet av kvelden fikk vi ryddet s\u00f8ppel i hele omr\u00e5det vi styrer med og vi fikk raket alle omr\u00e5dene som var sn\u00f8frie.<\/p>\n<p><span style=\"font-size: 13px; line-height: 19px;\">Den neste dugnaden til Bagn Vel blir 13. mai. Da h\u00e5per vi du har anledning til \u00e5 m\u00f8te. Da skal vi rake<\/span><\/p>\n<div id=\"attachment_14137\" style=\"width: 160px\" class=\"wp-caption alignleft\"><a href=\"http:\/\/www.bagn.no\/wp-content\/upLoads\/Bagn-Vel-011.jpg\"><img loading=\"lazy\" decoding=\"async\" aria-describedby=\"caption-attachment-14137\" class=\"size-thumbnail wp-image-14137\" alt=\"\u00c5 f\u00e5 s\u00f8ppel fra bakken og opp i sekk er en stor del av arbeidet. \" src=\"http:\/\/bagn.no\/wp-content\/uploads\/2013\/04\/bagn-vel-011-150x100.jpg\" width=\"150\" height=\"100\" \/><\/a><p id=\"caption-attachment-14137\" class=\"wp-caption-text\">\u00c5 f\u00e5 s\u00f8ppel fra bakken og opp i sekk er en stor del av arbeidet.<\/p><\/div>\n<p><span style=\"font-size: 13px; line-height: 19px;\">ferdig til 17. mai, trimme en del rosebusker, drive alment vedlikehold p\u00e5 bord, benker, gjerder, busskur og s\u00f8ppelkasser. Vi i styrt vil oppfordre alle som har mulighet til \u00e5 bli med p\u00e5 dugnaden. Det viser seg at det \u00e5 ha det fint rundt seg er en viktig trivselfaktor, og trivsel er en viktig helsefaktor, og helsefaktoren er en viktig produksjonsfaktor, s\u00e5 en innsats p\u00e5 Bagn Vel sin dugnad er p\u00e5 mange m\u00e5ter en god investering i lokalsamfunnene v\u00e5re.\u00a0<\/span><span style=\"font-size: 13px; line-height: 19px;\">\u00a0<\/span><\/p>\n<div id=\"attachment_14139\" style=\"width: 160px\" class=\"wp-caption alignleft\"><a href=\"http:\/\/www.bagn.no\/wp-content\/upLoads\/Bagn-Vel-019.jpg\"><img loading=\"lazy\" decoding=\"async\" aria-describedby=\"caption-attachment-14139\" class=\"size-thumbnail wp-image-14139\" alt=\"Det ble meget pent i Bagn etter dugnaden\" src=\"http:\/\/bagn.no\/wp-content\/uploads\/2013\/04\/bagn-vel-019-150x100.jpg\" width=\"150\" height=\"100\" \/><\/a><p id=\"caption-attachment-14139\" class=\"wp-caption-text\">Det ble meget pent i Bagn etter dugnaden<\/p><\/div>\n<p>&nbsp;<\/p>\n<div id=\"attachment_14138\" style=\"width: 160px\" class=\"wp-caption alignleft\"><a href=\"http:\/\/www.bagn.no\/wp-content\/upLoads\/Bagn-Vel-010.jpg\"><img loading=\"lazy\" decoding=\"async\" aria-describedby=\"caption-attachment-14138\" class=\"size-thumbnail wp-image-14138\" alt=\"Det ble mange sekker med s\u00f8ppel\" src=\"http:\/\/bagn.no\/wp-content\/uploads\/2013\/04\/bagn-vel-010-150x100.jpg\" width=\"150\" height=\"100\" \/><\/a><p id=\"caption-attachment-14138\" class=\"wp-caption-text\">Det ble mange sekker med s\u00f8ppel<\/p><\/div>\n<p><span style=\"font-size: 13px; line-height: 19px;\">\u00a0 \u00a0<\/span><\/p>\n","protected":false},"excerpt":{"rendered":"<p>Mandag 29. april var datoen for \u00e5rets f\u00f8rste dugnad for Bagn Vel. \u00a0Tradisjon tro leide vi med oss 9. klasse ved SAUS og du verden for en hjelp vi fikk. \u00c5rets 9. klasse er virkelig en hyggelig hardtarbeidende gjeng som fortjener hver krone de fikk. I l\u00f8pet av kvelden fikk vi ryddet s\u00f8ppel i hele [&hellip;]<\/p>\n","protected":false},"author":2,"featured_media":18388,"comment_status":"open","ping_status":"closed","sticky":false,"template":"","format":"standard","meta":{"footnotes":""},"categories":[72],"tags":[],"class_list":["post-14135","post","type-post","status-publish","format-standard","has-post-thumbnail","hentry","category-diverse"],"_links":{"self":[{"href":"https:\/\/bagn.no\/index.php?rest_route=\/wp\/v2\/posts\/14135","targetHints":{"allow":["GET"]}}],"collection":[{"href":"https:\/\/bagn.no\/index.php?rest_route=\/wp\/v2\/posts"}],"about":[{"href":"https:\/\/bagn.no\/index.php?rest_route=\/wp\/v2\/types\/post"}],"author":[{"embeddable":true,"href":"https:\/\/bagn.no\/index.php?rest_route=\/wp\/v2\/users\/2"}],"replies":[{"embeddable":true,"href":"https:\/\/bagn.no\/index.php?rest_route=%2Fwp%2Fv2%2Fcomments&post=14135"}],"version-history":[{"count":0,"href":"https:\/\/bagn.no\/index.php?rest_route=\/wp\/v2\/posts\/14135\/revisions"}],"wp:featuredmedia":[{"embeddable":true,"href":"https:\/\/bagn.no\/index.php?rest_route=\/wp\/v2\/media\/18388"}],"wp:attachment":[{"href":"https:\/\/bagn.no\/index.php?rest_route=%2Fwp%2Fv2%2Fmedia&parent=14135"}],"wp:term":[{"taxonomy":"category","embeddable":true,"href":"https:\/\/bagn.no\/index.php?rest_route=%2Fwp%2Fv2%2Fcategories&post=14135"},{"taxonomy":"post_tag","embeddable":true,"href":"https:\/\/bagn.no\/index.php?rest_route=%2Fwp%2Fv2%2Ftags&post=14135"}],"curies":[{"name":"wp","href":"https:\/\/api.w.org\/{rel}","templated":true}]}}