{"id":13781,"date":"2013-03-21T03:40:46","date_gmt":"2013-03-21T02:40:46","guid":{"rendered":"http:\/\/www.bagn.no\/?p=13781"},"modified":"2013-11-24T22:08:34","modified_gmt":"2013-11-24T21:08:34","slug":"sor-aurdalposten","status":"publish","type":"post","link":"https:\/\/bagn.no\/?p=13781","title":{"rendered":"S\u00f8r-Aurdalposten"},"content":{"rendered":"<p><a href=\"http:\/\/reinli.no\/SA-posten_2013-01-Web.pdf\" target=\"_blank\"><img loading=\"lazy\" decoding=\"async\" class=\"alignleft  wp-image-13783\" alt=\"SA-posten_2013-01-Web_Side_01\" src=\"http:\/\/bagn.no\/wp-content\/uploads\/2013\/03\/sa-posten_2013-01-web_side_01-353x500.jpg\" width=\"212\" height=\"300\" \/><\/a>Torsdag 21. mars finner alle i S\u00f8r-Aurdal og Nes i \u00c5dal en nyvinning i postkassen, SA-posten. Dette er et samarbeid mellom Begnadalen.no, Bagn.no og Reinli.no, og er et gratis informasjonstidsskrift til alle innbyggere. Det skal v\u00e6re et supplement til nettsidene og vil inneholde b\u00e5de redaksjonelt stoff, kunngj\u00f8ringer og informasjon om det som skjer i S\u00f8r-Aurdal.<\/p>\n<p>SA-posten er blitt laget med ideer fra &laquo;Kva skjer i bygda&raquo; i Vestre Slidre og Rennebunytt i Rennebu der dette tidsskriftet har kommet ut i 35 \u00e5r. Redaksjonen \u00f8nsker reaksjoner p\u00e5 denne f\u00f8rsteutgaven.\u00a0 Alle tilbakemeldinge mottas med takk slik at vi kan utvikle S\u00f8r-Aurdalposten slik vi \u00f8nsker \u00e5 ha den.<\/p>\n<p><strong>Neste utgave kommer 14. mai, og frist for innsending av stoff er 2. mai.<\/strong><\/p>\n<p><em>Klikk p\u00e5 bildet for \u00e5 laste ned en pdf-utgave av SA-posten.<\/em><\/p>\n","protected":false},"excerpt":{"rendered":"<p>Torsdag 21. mars finner alle i S\u00f8r-Aurdal og Nes i \u00c5dal en nyvinning i postkassen, SA-posten. Dette er et samarbeid mellom Begnadalen.no, Bagn.no og Reinli.no, og er et gratis informasjonstidsskrift til alle innbyggere. Det skal v\u00e6re et supplement til nettsidene og vil inneholde b\u00e5de redaksjonelt stoff, kunngj\u00f8ringer og informasjon om det som skjer i S\u00f8r-Aurdal. [&hellip;]<\/p>\n","protected":false},"author":2,"featured_media":18319,"comment_status":"open","ping_status":"closed","sticky":false,"template":"","format":"standard","meta":{"footnotes":""},"categories":[88],"tags":[],"class_list":["post-13781","post","type-post","status-publish","format-standard","has-post-thumbnail","hentry","category-saposten"],"_links":{"self":[{"href":"https:\/\/bagn.no\/index.php?rest_route=\/wp\/v2\/posts\/13781","targetHints":{"allow":["GET"]}}],"collection":[{"href":"https:\/\/bagn.no\/index.php?rest_route=\/wp\/v2\/posts"}],"about":[{"href":"https:\/\/bagn.no\/index.php?rest_route=\/wp\/v2\/types\/post"}],"author":[{"embeddable":true,"href":"https:\/\/bagn.no\/index.php?rest_route=\/wp\/v2\/users\/2"}],"replies":[{"embeddable":true,"href":"https:\/\/bagn.no\/index.php?rest_route=%2Fwp%2Fv2%2Fcomments&post=13781"}],"version-history":[{"count":0,"href":"https:\/\/bagn.no\/index.php?rest_route=\/wp\/v2\/posts\/13781\/revisions"}],"wp:featuredmedia":[{"embeddable":true,"href":"https:\/\/bagn.no\/index.php?rest_route=\/wp\/v2\/media\/18319"}],"wp:attachment":[{"href":"https:\/\/bagn.no\/index.php?rest_route=%2Fwp%2Fv2%2Fmedia&parent=13781"}],"wp:term":[{"taxonomy":"category","embeddable":true,"href":"https:\/\/bagn.no\/index.php?rest_route=%2Fwp%2Fv2%2Fcategories&post=13781"},{"taxonomy":"post_tag","embeddable":true,"href":"https:\/\/bagn.no\/index.php?rest_route=%2Fwp%2Fv2%2Ftags&post=13781"}],"curies":[{"name":"wp","href":"https:\/\/api.w.org\/{rel}","templated":true}]}}