{"id":13771,"date":"2013-03-20T00:51:38","date_gmt":"2013-03-19T23:51:38","guid":{"rendered":"http:\/\/www.bagn.no\/?p=13771"},"modified":"2013-03-20T00:51:38","modified_gmt":"2013-03-19T23:51:38","slug":"jubileumsbok-om-hedalen-stavkirke","status":"publish","type":"post","link":"https:\/\/bagn.no\/?p=13771","title":{"rendered":"Jubileumsbok om Hedalen Stavkirke"},"content":{"rendered":"<p>I forbindelse med 850-\u00e5rsfeiringa for Hedalen stavkirke utgis:<br \/>\n\u00abHEDALEN STAVKIRKE. En pilegrim vender tilbake\u00bb,<br \/>\nskrevet av hed\u00f8ling og prost i Valdres,<br \/>\nAnne Hilde \u00d8igarden. Foto: Trond \u00d8igarden.<\/p>\n<p><em><a href=\"http:\/\/reinli.no\/Jubileumsbok_Hedalen_STK2013.pdf\" target=\"_blank\">Les mer<\/a><\/em><\/p>\n","protected":false},"excerpt":{"rendered":"<p>I forbindelse med 850-\u00e5rsfeiringa for Hedalen stavkirke utgis: \u00abHEDALEN STAVKIRKE. En pilegrim vender tilbake\u00bb, skrevet av hed\u00f8ling og prost i Valdres, Anne Hilde \u00d8igarden. Foto: Trond \u00d8igarden. Les mer<\/p>\n","protected":false},"author":2,"featured_media":0,"comment_status":"open","ping_status":"closed","sticky":false,"template":"","format":"standard","meta":{"footnotes":""},"categories":[76],"tags":[],"class_list":["post-13771","post","type-post","status-publish","format-standard","hentry","category-kirke"],"_links":{"self":[{"href":"https:\/\/bagn.no\/index.php?rest_route=\/wp\/v2\/posts\/13771","targetHints":{"allow":["GET"]}}],"collection":[{"href":"https:\/\/bagn.no\/index.php?rest_route=\/wp\/v2\/posts"}],"about":[{"href":"https:\/\/bagn.no\/index.php?rest_route=\/wp\/v2\/types\/post"}],"author":[{"embeddable":true,"href":"https:\/\/bagn.no\/index.php?rest_route=\/wp\/v2\/users\/2"}],"replies":[{"embeddable":true,"href":"https:\/\/bagn.no\/index.php?rest_route=%2Fwp%2Fv2%2Fcomments&post=13771"}],"version-history":[{"count":0,"href":"https:\/\/bagn.no\/index.php?rest_route=\/wp\/v2\/posts\/13771\/revisions"}],"wp:attachment":[{"href":"https:\/\/bagn.no\/index.php?rest_route=%2Fwp%2Fv2%2Fmedia&parent=13771"}],"wp:term":[{"taxonomy":"category","embeddable":true,"href":"https:\/\/bagn.no\/index.php?rest_route=%2Fwp%2Fv2%2Fcategories&post=13771"},{"taxonomy":"post_tag","embeddable":true,"href":"https:\/\/bagn.no\/index.php?rest_route=%2Fwp%2Fv2%2Ftags&post=13771"}],"curies":[{"name":"wp","href":"https:\/\/api.w.org\/{rel}","templated":true}]}}