{"id":13444,"date":"2013-02-13T05:58:30","date_gmt":"2013-02-13T04:58:30","guid":{"rendered":"http:\/\/www.bagn.no\/?p=13444"},"modified":"2013-11-24T22:08:03","modified_gmt":"2013-11-24T21:08:03","slug":"utvikling-av-fossvangomradet","status":"publish","type":"post","link":"https:\/\/bagn.no\/?p=13444","title":{"rendered":"Utvikling av Fossvangomr\u00e5det"},"content":{"rendered":"<p><a href=\"http:\/\/www.bagn.no\/utvikling-av-fossvangomradet\/saus\/\" rel=\"attachment wp-att-13446\"><img loading=\"lazy\" decoding=\"async\" class=\"alignleft  wp-image-13446\" alt=\"saus\" src=\"http:\/\/bagn.no\/wp-content\/uploads\/2013\/02\/saus.jpg\" width=\"226\" height=\"127\" \/><\/a>Her er\u00a0<a href=\"http:\/\/www.bagn.no\/utvikling-av-fossvangomradet\/utvilkingavfossvangomradet\/\" rel=\"attachment wp-att-13445\">Saksfremlegg kommunestyret 14. februar<\/a>\u00a0om utvikling av Fossvangomr\u00e5det.<\/p>\n<p>Kommunestyrem\u00f8tet er <strong>Torsdag 14. februar kl 15<\/strong> i kommunestyresalen s\u00e5 det kan jo v\u00e6re verdt \u00e5 m\u00f8te opp? De blir sagt at denne saken ikke kommer f\u00f8r ca 17, noen som kan bekrefte tidspunktet i kommentarfeltet under? Der er det selvsagt ogs\u00e5 mulig \u00e5 ytre sine meninger<\/p>\n<p>&nbsp;<\/p>\n","protected":false},"excerpt":{"rendered":"<p>Her er\u00a0Saksfremlegg kommunestyret 14. februar\u00a0om utvikling av Fossvangomr\u00e5det. Kommunestyrem\u00f8tet er Torsdag 14. februar kl 15 i kommunestyresalen s\u00e5 det kan jo v\u00e6re verdt \u00e5 m\u00f8te opp? De blir sagt at denne saken ikke kommer f\u00f8r ca 17, noen som kan bekrefte tidspunktet i kommentarfeltet under? Der er det selvsagt ogs\u00e5 mulig \u00e5 ytre sine meninger [&hellip;]<\/p>\n","protected":false},"author":4,"featured_media":18247,"comment_status":"open","ping_status":"closed","sticky":false,"template":"","format":"standard","meta":{"footnotes":""},"categories":[75,77,82,73,85],"tags":[],"class_list":["post-13444","post","type-post","status-publish","format-standard","has-post-thumbnail","hentry","category-idrettshall-kulturhus","category-konkurranse-hvor-er-dette","category-lokale-nyheter","category-nyheter","category-politikk"],"_links":{"self":[{"href":"https:\/\/bagn.no\/index.php?rest_route=\/wp\/v2\/posts\/13444","targetHints":{"allow":["GET"]}}],"collection":[{"href":"https:\/\/bagn.no\/index.php?rest_route=\/wp\/v2\/posts"}],"about":[{"href":"https:\/\/bagn.no\/index.php?rest_route=\/wp\/v2\/types\/post"}],"author":[{"embeddable":true,"href":"https:\/\/bagn.no\/index.php?rest_route=\/wp\/v2\/users\/4"}],"replies":[{"embeddable":true,"href":"https:\/\/bagn.no\/index.php?rest_route=%2Fwp%2Fv2%2Fcomments&post=13444"}],"version-history":[{"count":0,"href":"https:\/\/bagn.no\/index.php?rest_route=\/wp\/v2\/posts\/13444\/revisions"}],"wp:featuredmedia":[{"embeddable":true,"href":"https:\/\/bagn.no\/index.php?rest_route=\/wp\/v2\/media\/18247"}],"wp:attachment":[{"href":"https:\/\/bagn.no\/index.php?rest_route=%2Fwp%2Fv2%2Fmedia&parent=13444"}],"wp:term":[{"taxonomy":"category","embeddable":true,"href":"https:\/\/bagn.no\/index.php?rest_route=%2Fwp%2Fv2%2Fcategories&post=13444"},{"taxonomy":"post_tag","embeddable":true,"href":"https:\/\/bagn.no\/index.php?rest_route=%2Fwp%2Fv2%2Ftags&post=13444"}],"curies":[{"name":"wp","href":"https:\/\/api.w.org\/{rel}","templated":true}]}}