{"id":12752,"date":"2012-12-03T23:23:46","date_gmt":"2012-12-03T22:23:46","guid":{"rendered":"http:\/\/www.bagn.no\/?p=12752"},"modified":"2013-11-24T22:07:17","modified_gmt":"2013-11-24T21:07:17","slug":"fotball-i-etnedalshallen-lordag-8-desember","status":"publish","type":"post","link":"https:\/\/bagn.no\/?p=12752","title":{"rendered":"Fotball i Etnedalshallen L\u00f8rdag 8. desember"},"content":{"rendered":"<div id=\"attachment_12764\" style=\"width: 330px\" class=\"wp-caption alignleft\"><a href=\"http:\/\/www.bagn.no\/wp-content\/upLoads\/bilde-10.jpg\"><img loading=\"lazy\" decoding=\"async\" aria-describedby=\"caption-attachment-12764\" class=\" wp-image-12764\" title=\"Etnedalshallen\" src=\"http:\/\/bagn.no\/wp-content\/uploads\/2012\/12\/bilde-10-500x373.jpg\" alt=\"\" width=\"320\" height=\"238\" \/><\/a><p id=\"caption-attachment-12764\" class=\"wp-caption-text\">Bane 1 og 2 &#8211; kunstgress<\/p><\/div>\n<p>F\u00f8rstkommende l\u00f8rdag blir det fotball i Etnedalshallen. Bagn IL l\u00e5nt hele hallen fra kl 11-14 og \u00f8nsker fotballspillere i alle aldre velkomne.<\/p>\n<p>1100-1230 er 2\/3 av hallen (kunstgresset) forbeholdt trening minijente og minigutt (J10\/G10) Bane 1 &amp; 2<\/p>\n<p>1230-1400 er det lillegutt og lillejente som har denne delen av hallen (G12\/J12\/14) Bane 1 &amp; 2.<!--more--><\/p>\n<div id=\"attachment_12767\" style=\"width: 330px\" class=\"wp-caption alignleft\"><a href=\"http:\/\/www.bagn.no\/wp-content\/upLoads\/bilde-11.jpg\"><img loading=\"lazy\" decoding=\"async\" aria-describedby=\"caption-attachment-12767\" class=\" wp-image-12767\" title=\"Etnedalshallen - sportsgulvet\" src=\"http:\/\/bagn.no\/wp-content\/uploads\/2012\/12\/bilde-11-500x373.jpg\" alt=\"\" width=\"320\" height=\"238\" \/><\/a><p id=\"caption-attachment-12767\" class=\"wp-caption-text\">Bane 3 Sportsgulvet &#8211; full h\u00e5ndballbane<\/p><\/div>\n<p>De minste spillerne + kn\u00f8ttene disponerer sportsgulvet fra kl 11 (f\u00f8dt i 2005 eller senere) Ingen nedre aldersgrense<\/p>\n<p>Vi \u00f8nsker alle spillere og foreldre\/besteforeldre osv velkomne til en fin dag i Etnedalshallen!<\/p>\n<p>Ellers minner vi om fotballtrening for G14\/G16 sammen med Etnedal i Etnedalshallen Onsdager kl 19<\/p>\n<p>Jentelaget trener tirsdag kl 1730 og A-laget\/oldboys trener fredager kl 1930 (avreise fra Statoil ca 1900)<\/p>\n<p>Velkommen!<\/p>\n<p>Vennlig hilsen Bagn idrettslag<\/p>\n<p>&nbsp;<\/p>\n<p>&nbsp;<\/p>\n","protected":false},"excerpt":{"rendered":"<p>F\u00f8rstkommende l\u00f8rdag blir det fotball i Etnedalshallen. Bagn IL l\u00e5nt hele hallen fra kl 11-14 og \u00f8nsker fotballspillere i alle aldre velkomne. 1100-1230 er 2\/3 av hallen (kunstgresset) forbeholdt trening minijente og minigutt (J10\/G10) Bane 1 &amp; 2 1230-1400 er det lillegutt og lillejente som har denne delen av hallen (G12\/J12\/14) Bane 1 &amp; 2.<\/p>\n","protected":false},"author":4,"featured_media":18157,"comment_status":"open","ping_status":"closed","sticky":false,"template":"","format":"standard","meta":{"footnotes":""},"categories":[66,67,75],"tags":[],"class_list":["post-12752","post","type-post","status-publish","format-standard","has-post-thumbnail","hentry","category-aktiviteter","category-bagn-il","category-idrettshall-kulturhus"],"_links":{"self":[{"href":"https:\/\/bagn.no\/index.php?rest_route=\/wp\/v2\/posts\/12752","targetHints":{"allow":["GET"]}}],"collection":[{"href":"https:\/\/bagn.no\/index.php?rest_route=\/wp\/v2\/posts"}],"about":[{"href":"https:\/\/bagn.no\/index.php?rest_route=\/wp\/v2\/types\/post"}],"author":[{"embeddable":true,"href":"https:\/\/bagn.no\/index.php?rest_route=\/wp\/v2\/users\/4"}],"replies":[{"embeddable":true,"href":"https:\/\/bagn.no\/index.php?rest_route=%2Fwp%2Fv2%2Fcomments&post=12752"}],"version-history":[{"count":0,"href":"https:\/\/bagn.no\/index.php?rest_route=\/wp\/v2\/posts\/12752\/revisions"}],"wp:featuredmedia":[{"embeddable":true,"href":"https:\/\/bagn.no\/index.php?rest_route=\/wp\/v2\/media\/18157"}],"wp:attachment":[{"href":"https:\/\/bagn.no\/index.php?rest_route=%2Fwp%2Fv2%2Fmedia&parent=12752"}],"wp:term":[{"taxonomy":"category","embeddable":true,"href":"https:\/\/bagn.no\/index.php?rest_route=%2Fwp%2Fv2%2Fcategories&post=12752"},{"taxonomy":"post_tag","embeddable":true,"href":"https:\/\/bagn.no\/index.php?rest_route=%2Fwp%2Fv2%2Ftags&post=12752"}],"curies":[{"name":"wp","href":"https:\/\/api.w.org\/{rel}","templated":true}]}}