{"id":12621,"date":"2012-11-27T21:38:05","date_gmt":"2012-11-27T20:38:05","guid":{"rendered":"http:\/\/www.bagn.no\/?p=12621"},"modified":"2013-11-24T22:07:13","modified_gmt":"2013-11-24T21:07:13","slug":"boklanseringer-med-mykjy-attat","status":"publish","type":"post","link":"https:\/\/bagn.no\/?p=12621","title":{"rendered":"Boklanseringer med mykjy att\u00e5t"},"content":{"rendered":"<p>Tekst: Sigrid Haugen\u00a0 \u00a0 Foto: Arne G. Perlestenbakken<\/p>\n<p><a href=\"http:\/\/www.bagn.no\/wp-content\/upLoads\/1_-Gudbj\u00f8rg-F\u00f8nhus-Stensrud.jpg\"><img loading=\"lazy\" decoding=\"async\" class=\"alignleft  wp-image-12639\" title=\"1_ Gudbj\u00f8rg F\u00f8nhus Stensrud\" src=\"http:\/\/bagn.no\/wp-content\/uploads\/2012\/11\/1_-Gudbj\u00f8rg-F\u00f8nhus-Stensrud-353x500.jpg\" alt=\"\" width=\"148\" height=\"210\" \/><\/a>Forrige fredag kveld inviterte S\u00f8r-Aurdal historielag til hyggekveld p\u00e5 Hedalen barne- og ungdomsskole, der lokalhistoriske b\u00f8ker og andre lokale prosjekter ble presentert.<\/p>\n<p>Kvelden starta med et minutts stillhet til minne om Gudbj\u00f8rg F\u00f8nhus Stensrud.<\/p>\n<p>Skriftkomiteen for Sagn og Soge i S\u00f8ndre Ourdahl \u00a0kunne legge fram hefte nummer 16 i serien.\u00a0 Siden f\u00f8rste hefte kom ut i 1982, er det blitt et nytt hefte annethvert \u00e5r, og mye lokalhistorie fra alle deler av kommunen blitt samla. Mange har bidratt, med sm\u00e5 og store artikler, sanger og viser, tegninger og bilder. Det er verdt \u00e5 merke seg at 2010-\u00e5rgangen inneholder et emneregister for alle b\u00f8kene til da, noe som gj\u00f8r det enklere \u00e5 finne fra til tidligere stoff <!--more--><a href=\"http:\/\/www.bagn.no\/wp-content\/upLoads\/2_-Sagn-og-Soge-komiteen.jpg\"><img loading=\"lazy\" decoding=\"async\" class=\"wp-image-12624 alignright\" title=\"2_ Sagn og Soge-komiteen\" src=\"http:\/\/bagn.no\/wp-content\/uploads\/2012\/11\/2_-sagn-og-soge-komiteen-500x367.jpg\" alt=\"\" width=\"300\" height=\"220\" \/><\/a><\/p>\n<p>\u00c5rets hefte har en 30 siders artikkel om kommunens telefonhistorie. Her har det v\u00e6rt en utrolig utvikling p\u00e5 f\u00e5 \u00e5r!<\/p>\n<p>Ellers inneholder heftet artikler om bygdedoktorer og -smeder, hundre\u00e5rsjubilanter, stedsnavn, dialektpr\u00f8ver, \u00a0huldrehistorier, og mye, mye mer. L\u00f8p og kj\u00f8p, du f\u00e5r den hos Bagn sport, Joker Fin\u00f8en, Bruktbua, Matkroken, Joker Hedalen og de tre bibliotekavdelingene.<a href=\"http:\/\/www.bagn.no\/wp-content\/upLoads\/3_-Othilie-Hansebakken-har-bidratt-med-et-nydelig-maleri.jpg\"><img loading=\"lazy\" decoding=\"async\" class=\"wp-image-12625 alignleft\" title=\"3_ Othilie Hansebakken har bidratt med et nydelig maleri\" src=\"http:\/\/bagn.no\/wp-content\/uploads\/2012\/11\/3_-othilie-hansebakken-har-bidratt-med-et-nydelig-maleri-465x500.jpg\" alt=\"\" width=\"251\" height=\"270\" \/><\/a><\/p>\n<p>&nbsp;<\/p>\n<p><em>Sagn og Soge-komiteen<\/em><\/p>\n<p>\u00c5rbok for Valdres er som vanlig fyldig og innholdsrik. Denne gangen er hovedtemaet industri. Kristian Bergsund, S\u00f8r-Aurdals representant i skriftstyret, presenterte den nye \u00e5rboka.<\/p>\n<p>Olaf \u00d8degaard presenterte boka om boka om Filefjell Tamreinlag, I reinfjellet, fra 2010. I tillegg til reindrifta, har Olaf i mange \u00e5r drevet S\u00f8bekkseter leirskole. Den kan du lese om i \u00e5rets Sagn og Soge. S\u00f8bekkseter m\u00e5 v\u00e6re f\u00f8rste sted det ble drevet leirskole i Norge.<a href=\"http:\/\/www.bagn.no\/wp-content\/upLoads\/4_-Kristian-og-Olaf2.jpg\"><img loading=\"lazy\" decoding=\"async\" class=\"alignright  wp-image-12642\" title=\"4_ Kristian og Olaf\" src=\"http:\/\/bagn.no\/wp-content\/uploads\/2012\/11\/4_-kristian-og-olaf2-500x452.jpg\" alt=\"\" width=\"300\" height=\"271\" \/><\/a><\/p>\n<p><em>Othilie Hansebakken har bidratt med et nydelig maleri<\/em><\/p>\n<p>Kundan Rockstad, primus motor i F\u00f8nhusprosjektet, fortalte om arbeidet med \u00e5 gj\u00f8re Mikkjel F\u00f8nhus og hans forfatterskap mer kjent. Et unikt tiltak, der 10 ungdommer fikk bo ei uke p\u00e5 Bj\u00f8rke i Vassfaret. En del av prosjektet var en skrivekonkurranse.<\/p>\n<p><em><em>Kristian Bergsund med \u00e5rboka og Olaf \u00d8degaard med boka om Filefjell Tamreinlag<\/em><\/em><\/p>\n<p><em>Kveldens programleder, Eldor Br\u00e5then, leste vinnernovellen med stor innlevelse.<\/em><\/p>\n<p><a href=\"http:\/\/www.bagn.no\/wp-content\/upLoads\/5__-Programleder-Eldor1.jpg\"><img loading=\"lazy\" decoding=\"async\" class=\" wp-image-12643 alignleft\" title=\"5__ Programleder Eldor\" src=\"http:\/\/bagn.no\/wp-content\/uploads\/2012\/11\/5__-programleder-eldor1-444x500.jpg\" alt=\"\" width=\"186\" height=\"210\" \/><\/a><\/p>\n<p>&nbsp;<\/p>\n<p><a href=\"http:\/\/www.valdres.no\/no\/aktuelt-og-ver\/nyheitsarkiv\/1278-reserven-vann-fonhustevlinga.html\">http:\/\/www.valdres.no\/no\/aktuelt-og-ver\/nyheitsarkiv\/1278-reserven-vann-fonhustevlinga.html<\/a><\/p>\n<p>NRK var med hele tida, og i januar kommer to halvtimes program TV-program.<\/p>\n<p style=\"text-align: center;\"><em><a href=\"http:\/\/www.bagn.no\/wp-content\/upLoads\/6_-Olaf-\u00d8degaard-Ole-Martin-H\u00f8gfoss-og-Kundan-Rockstad.jpg\"><img loading=\"lazy\" decoding=\"async\" class=\"size-medium wp-image-12665 alignnone\" title=\"6_ Olaf \u00d8degaard, Ole Martin H\u00f8gfoss og Kundan Rockstad\" src=\"http:\/\/bagn.no\/wp-content\/uploads\/2012\/11\/6_-Olaf-\u00d8degaard-Ole-Martin-H\u00f8gfoss-og-Kundan-Rockstad-500x368.jpg\" alt=\"\" width=\"500\" height=\"368\" \/><\/a><\/em><\/p>\n<p style=\"text-align: center;\"><em>Olaf \u00d8degaard, Ole Martin H\u00f8gfoss og Kundan Rockstad<\/em><\/p>\n<p>Ole Martin H\u00f8gfoss fra Ringerike turistforening og leder i byggekomiteen for F\u00f8nhuskoia ved Str\u00f8en, var sistemann ut med et flott bildek\u00e5seri om Vassfaret og arbeidet med F\u00f8nhuskoia. Vi m\u00e5 bare ta av oss hatten for alt Ringerike turistforening f\u00e5r til i S\u00f8r-Aurdal.<\/p>\n<p>Noen av Ole Martins bilder fra framdrifta med F\u00f8nhuskoia:<\/p>\n<p><a href=\"http:\/\/www.bagn.no\/wp-content\/upLoads\/9_-Str\u00f8en-sett-fra-Slakollen.jpg\"><img loading=\"lazy\" decoding=\"async\" class=\"aligncenter size-medium wp-image-12670\" title=\"9_ Str\u00f8en sett fra Slakollen\" src=\"http:\/\/bagn.no\/wp-content\/uploads\/2012\/11\/9_-Str\u00f8en-sett-fra-Slakollen-500x247.jpg\" alt=\"\" width=\"500\" height=\"247\" \/><\/a>\u00a0<a href=\"http:\/\/www.bagn.no\/wp-content\/upLoads\/10_-Tomta-f\u00f8r-arbeidet-starta1.jpg\"><img loading=\"lazy\" decoding=\"async\" class=\"aligncenter size-medium wp-image-12672\" title=\"10_ Tomta f\u00f8r arbeidet starta\" src=\"http:\/\/bagn.no\/wp-content\/uploads\/2012\/11\/10_-Tomta-f\u00f8r-arbeidet-starta1-500x331.jpg\" alt=\"\" width=\"500\" height=\"331\" \/><\/a><\/p>\n<p><a href=\"http:\/\/www.bagn.no\/wp-content\/upLoads\/11_-Stabburet-fra-H\u00f8lera-skole.jpg\"><img loading=\"lazy\" decoding=\"async\" class=\"aligncenter size-medium wp-image-12673\" title=\"11_ Stabburet fra H\u00f8lera skole\" src=\"http:\/\/bagn.no\/wp-content\/uploads\/2012\/11\/11_-Stabburet-fra-H\u00f8lera-skole-500x322.jpg\" alt=\"\" width=\"500\" height=\"322\" \/><\/a><\/p>\n<p><a href=\"http:\/\/www.bagn.no\/wp-content\/upLoads\/12_F\u00f8nhuskoia-snart-ferdig1.jpg\"><img loading=\"lazy\" decoding=\"async\" class=\"aligncenter size-medium wp-image-12674\" title=\"12_F\u00f8nhuskoia snart ferdig\" src=\"http:\/\/bagn.no\/wp-content\/uploads\/2012\/11\/12_F\u00f8nhuskoia-snart-ferdig1-500x362.jpg\" alt=\"\" width=\"500\" height=\"362\" \/><\/a><\/p>\n<p>Les mer om F\u00f8nhuskoia her:<\/p>\n<p><a href=\"http:\/\/ringerike.turistforeningen.no\/article.php?ar_id=35534&amp;fo_id=458\">http:\/\/ringerike.turistforeningen.no\/article.php?ar_id=35534&amp;fo_id=458<\/a><\/p>\n<p>En innholdsrik kveld som bekrefta at vi har mye \u00e5 v\u00e6re stolte av i v\u00e5r del av Valdres!<\/p>\n","protected":false},"excerpt":{"rendered":"<p>Tekst: Sigrid Haugen\u00a0 \u00a0 Foto: Arne G. Perlestenbakken Forrige fredag kveld inviterte S\u00f8r-Aurdal historielag til hyggekveld p\u00e5 Hedalen barne- og ungdomsskole, der lokalhistoriske b\u00f8ker og andre lokale prosjekter ble presentert. Kvelden starta med et minutts stillhet til minne om Gudbj\u00f8rg F\u00f8nhus Stensrud. Skriftkomiteen for Sagn og Soge i S\u00f8ndre Ourdahl \u00a0kunne legge fram hefte nummer [&hellip;]<\/p>\n","protected":false},"author":3,"featured_media":18145,"comment_status":"open","ping_status":"closed","sticky":false,"template":"","format":"standard","meta":{"footnotes":""},"categories":[78],"tags":[],"class_list":["post-12621","post","type-post","status-publish","format-standard","has-post-thumbnail","hentry","category-kultur"],"_links":{"self":[{"href":"https:\/\/bagn.no\/index.php?rest_route=\/wp\/v2\/posts\/12621","targetHints":{"allow":["GET"]}}],"collection":[{"href":"https:\/\/bagn.no\/index.php?rest_route=\/wp\/v2\/posts"}],"about":[{"href":"https:\/\/bagn.no\/index.php?rest_route=\/wp\/v2\/types\/post"}],"author":[{"embeddable":true,"href":"https:\/\/bagn.no\/index.php?rest_route=\/wp\/v2\/users\/3"}],"replies":[{"embeddable":true,"href":"https:\/\/bagn.no\/index.php?rest_route=%2Fwp%2Fv2%2Fcomments&post=12621"}],"version-history":[{"count":0,"href":"https:\/\/bagn.no\/index.php?rest_route=\/wp\/v2\/posts\/12621\/revisions"}],"wp:featuredmedia":[{"embeddable":true,"href":"https:\/\/bagn.no\/index.php?rest_route=\/wp\/v2\/media\/18145"}],"wp:attachment":[{"href":"https:\/\/bagn.no\/index.php?rest_route=%2Fwp%2Fv2%2Fmedia&parent=12621"}],"wp:term":[{"taxonomy":"category","embeddable":true,"href":"https:\/\/bagn.no\/index.php?rest_route=%2Fwp%2Fv2%2Fcategories&post=12621"},{"taxonomy":"post_tag","embeddable":true,"href":"https:\/\/bagn.no\/index.php?rest_route=%2Fwp%2Fv2%2Ftags&post=12621"}],"curies":[{"name":"wp","href":"https:\/\/api.w.org\/{rel}","templated":true}]}}